{"id":1249,"date":"2026-04-20T10:26:34","date_gmt":"2026-04-20T16:26:34","guid":{"rendered":"https:\/\/eldiariorepublicamx.com\/?p=1249"},"modified":"2026-04-20T10:26:34","modified_gmt":"2026-04-20T16:26:34","slug":"silbante-katia-itzel-garcia-rectifica-decision-arbitral-y-recibe-gesto-de-reconocimiento-de-gignac-en-partido-de-liga-mx","status":"publish","type":"post","link":"https:\/\/eldiariorepublicamx.com\/?p=1249","title":{"rendered":"Silbante Katia Itzel Garc\u00eda rectifica decisi\u00f3n arbitral y recibe gesto de reconocimiento de Gignac en partido de Liga MX"},"content":{"rendered":"<p>En el partido de la Jornada 15 del Clausura 2026 entre Necaxa y Tigres, la \u00e1rbitra Katia Itzel Garc\u00eda corrigi\u00f3 una decisi\u00f3n durante el juego, lo que gener\u00f3 un inusual gesto de agradecimiento del delantero franc\u00e9s Andr\u00e9-Pierre Gignac. El duelo en el Estadio Victoria dej\u00f3 un momento de respeto deportivo que contrast\u00f3 con las habituales tensiones hacia los \u00e1rbitros.<\/p>\n<h3>Rectificaci\u00f3n y reconocimiento<\/h3>\n<p>En el minuto 52, Katia Itzel se\u00f1al\u00f3 inicialmente un saque de banda para Necaxa, pero tras la protesta de los jugadores de Tigres y consultar con su abanderado, cambi\u00f3 su fallo y otorg\u00f3 un tiro de esquina a favor del equipo universitario. Gignac, satisfecho con la rectificaci\u00f3n, se acerc\u00f3 a la silbante para agradecerle con un amistoso &#8220;Ch\u00f3calas&#8221;.<\/p>\n<h3>Interacci\u00f3n posterior y contexto<\/h3>\n<p>Al finalizar el tiempo reglamentario, cuando se anunciaron nueve minutos de compensaci\u00f3n, el delantero franc\u00e9s se acerc\u00f3 nuevamente a Garc\u00eda para bromear pidi\u00e9ndole que a\u00f1adiera dos minutos m\u00e1s, petici\u00f3n que la \u00e1rbitra no concedi\u00f3. Este intercambio ocurri\u00f3 en medio de una semana donde Katia Itzel Garc\u00eda ha estado en el centro de la atenci\u00f3n por su designaci\u00f3n como silbante mundialista y por decisiones pol\u00e9micas en partidos anteriores.<\/p>\n<p>La \u00e1rbitra tambi\u00e9n particip\u00f3 recientemente en la conferencia matutina de la presidenta Claudia Sheinbaum, donde aprovech\u00f3 para lanzar un mensaje contra el machismo en el futbol y la sociedad.<\/p>\n","protected":false},"excerpt":{"rendered":"<p>En el partido de la Jornada 15 del Clausura 2026 entre Necaxa y Tigres, la \u00e1rbitra Katia Itzel Garc\u00eda corrigi\u00f3 una decisi\u00f3n durante el juego,&hellip;<\/p>\n","protected":false},"author":2,"featured_media":1250,"comment_status":"open","ping_status":"open","sticky":false,"template":"","format":"standard","meta":{"footnotes":""},"categories":[291],"tags":[1048,1047,338,909,331],"class_list":["post-1249","post","type-post","status-publish","format-standard","has-post-thumbnail","hentry","category-deportes","tag-andre-pierre-gignac","tag-katia-itzel-garcia","tag-liga-mx","tag-necaxa","tag-tigres"],"_links":{"self":[{"href":"https:\/\/eldiariorepublicamx.com\/index.php?rest_route=\/wp\/v2\/posts\/1249","targetHints":{"allow":["GET"]}}],"collection":[{"href":"https:\/\/eldiariorepublicamx.com\/index.php?rest_route=\/wp\/v2\/posts"}],"about":[{"href":"https:\/\/eldiariorepublicamx.com\/index.php?rest_route=\/wp\/v2\/types\/post"}],"author":[{"embeddable":true,"href":"https:\/\/eldiariorepublicamx.com\/index.php?rest_route=\/wp\/v2\/users\/2"}],"replies":[{"embeddable":true,"href":"https:\/\/eldiariorepublicamx.com\/index.php?rest_route=%2Fwp%2Fv2%2Fcomments&post=1249"}],"version-history":[{"count":0,"href":"https:\/\/eldiariorepublicamx.com\/index.php?rest_route=\/wp\/v2\/posts\/1249\/revisions"}],"wp:featuredmedia":[{"embeddable":true,"href":"https:\/\/eldiariorepublicamx.com\/index.php?rest_route=\/wp\/v2\/media\/1250"}],"wp:attachment":[{"href":"https:\/\/eldiariorepublicamx.com\/index.php?rest_route=%2Fwp%2Fv2%2Fmedia&parent=1249"}],"wp:term":[{"taxonomy":"category","embeddable":true,"href":"https:\/\/eldiariorepublicamx.com\/index.php?rest_route=%2Fwp%2Fv2%2Fcategories&post=1249"},{"taxonomy":"post_tag","embeddable":true,"href":"https:\/\/eldiariorepublicamx.com\/index.php?rest_route=%2Fwp%2Fv2%2Ftags&post=1249"}],"curies":[{"name":"wp","href":"https:\/\/api.w.org\/{rel}","templated":true}]}}