{"id":1234,"date":"2026-04-19T10:27:32","date_gmt":"2026-04-19T16:27:32","guid":{"rendered":"https:\/\/eldiariorepublicamx.com\/?p=1234"},"modified":"2026-04-19T10:27:32","modified_gmt":"2026-04-19T16:27:32","slug":"sheinbaum-solicita-declaracion-en-contra-de-intervenciones-militares-durante-cumbre-democratica-en-barcelona","status":"publish","type":"post","link":"https:\/\/eldiariorepublicamx.com\/?p=1234","title":{"rendered":"Sheinbaum solicita declaraci\u00f3n en contra de intervenciones militares durante cumbre democr\u00e1tica en Barcelona"},"content":{"rendered":"<p>En su participaci\u00f3n durante la cuarta Cumbre en Defensa de la Democracia, celebrada en Barcelona, la presidenta de M\u00e9xico, Claudia Sheinbaum, plante\u00f3 la necesidad de emitir una declaraci\u00f3n que rechace cualquier intervenci\u00f3n militar en Cuba, abogando por la prevalencia del di\u00e1logo y la paz.<\/p>\n<h3>Defensa de la soberan\u00eda nacional<\/h3>\n<p>En su discurso de apertura, la mandataria mexicana se\u00f1al\u00f3 que M\u00e9xico ha mantenido sus principios incluso cuando ha tenido que hacerlo en soledad, recordando que el pa\u00eds alz\u00f3 la voz contra el bloqueo a Cuba en 1962 cuando otros optaron por el silencio.<\/p>\n<p>Sheinbaum expres\u00f3 su convicci\u00f3n de que ning\u00fan pueblo es peque\u00f1o, refiri\u00e9ndose a Cuba como &#8220;esa peque\u00f1a isla del Caribe&#8221;, sino grande y estoico cuando defiende su soberan\u00eda y el derecho a una vida plena.<\/p>\n<h3>Propuesta de reorientaci\u00f3n de gasto militar<\/h3>\n<p>La presidenta tambi\u00e9n retom\u00f3 una iniciativa presentada previamente en el G20, proponiendo destinar el 10 por ciento del gasto mundial en armamento, que asciende a miles de millones de d\u00f3lares, para financiar un programa global de reforestaci\u00f3n que permita recuperar millones de hect\u00e1reas cada a\u00f1o.<\/p>\n<p>&#8220;En vez de sembrar guerra, sembremos paz, sembremos vida&#8221;, a\u00f1adi\u00f3 durante su intervenci\u00f3n.<\/p>\n<h3>Reafirmaci\u00f3n de principios en pol\u00edtica exterior<\/h3>\n<p>En su alocuci\u00f3n, en la que con orgullo mencion\u00f3 hitos de la historia mexicana como la elecci\u00f3n de la primera mujer presidenta en 2024, Sheinbaum subray\u00f3 que los principios constitucionales de M\u00e9xico en materia de pol\u00edtica exterior est\u00e1n hoy m\u00e1s vigentes que nunca en el escenario global.<\/p>\n<p>Entre estos principios enumer\u00f3 el respeto a la autodeterminaci\u00f3n de los pueblos, la no intervenci\u00f3n, la soluci\u00f3n pac\u00edfica de controversias, el rechazo al uso de la fuerza, la igualdad jur\u00eddica de los estados y la lucha permanente por la paz.<\/p>\n<p>La mandataria cuestion\u00f3 una concepci\u00f3n de libertad que implique someterse a &#8220;intereses externos&#8221; o &#8220;convertir a las naciones en colonias modernas&#8221;, defendiendo que la libertad es una palabra vac\u00eda si no va acompa\u00f1ada de justicia social, soberan\u00eda y dignidad de los pueblos.<\/p>\n<p>La cumbre, convocada por el presidente del Gobierno espa\u00f1ol, Pedro S\u00e1nchez, y el mandatario brasile\u00f1o, Luiz In\u00e1cio Lula da Silva, reuni\u00f3 en Barcelona a alrededor de una docena de l\u00edderes progresistas de todo el mundo, incluyendo a los presidentes de Colombia, Sud\u00e1frica y Uruguay, as\u00ed como a representantes de otros gobiernos de orientaci\u00f3n similar.<\/p>\n","protected":false},"excerpt":{"rendered":"<p>En su participaci\u00f3n durante la cuarta Cumbre en Defensa de la Democracia, celebrada en Barcelona, la presidenta de M\u00e9xico, Claudia Sheinbaum, plante\u00f3 la necesidad de&hellip;<\/p>\n","protected":false},"author":2,"featured_media":1235,"comment_status":"open","ping_status":"open","sticky":false,"template":"","format":"standard","meta":{"footnotes":""},"categories":[53],"tags":[698,55,1004,1027,288],"class_list":["post-1234","post","type-post","status-publish","format-standard","has-post-thumbnail","hentry","category-agenda-internacional","tag-barcelona","tag-cuba","tag-democracia","tag-intervencion-militar","tag-sheinbaum"],"_links":{"self":[{"href":"https:\/\/eldiariorepublicamx.com\/index.php?rest_route=\/wp\/v2\/posts\/1234","targetHints":{"allow":["GET"]}}],"collection":[{"href":"https:\/\/eldiariorepublicamx.com\/index.php?rest_route=\/wp\/v2\/posts"}],"about":[{"href":"https:\/\/eldiariorepublicamx.com\/index.php?rest_route=\/wp\/v2\/types\/post"}],"author":[{"embeddable":true,"href":"https:\/\/eldiariorepublicamx.com\/index.php?rest_route=\/wp\/v2\/users\/2"}],"replies":[{"embeddable":true,"href":"https:\/\/eldiariorepublicamx.com\/index.php?rest_route=%2Fwp%2Fv2%2Fcomments&post=1234"}],"version-history":[{"count":0,"href":"https:\/\/eldiariorepublicamx.com\/index.php?rest_route=\/wp\/v2\/posts\/1234\/revisions"}],"wp:featuredmedia":[{"embeddable":true,"href":"https:\/\/eldiariorepublicamx.com\/index.php?rest_route=\/wp\/v2\/media\/1235"}],"wp:attachment":[{"href":"https:\/\/eldiariorepublicamx.com\/index.php?rest_route=%2Fwp%2Fv2%2Fmedia&parent=1234"}],"wp:term":[{"taxonomy":"category","embeddable":true,"href":"https:\/\/eldiariorepublicamx.com\/index.php?rest_route=%2Fwp%2Fv2%2Fcategories&post=1234"},{"taxonomy":"post_tag","embeddable":true,"href":"https:\/\/eldiariorepublicamx.com\/index.php?rest_route=%2Fwp%2Fv2%2Ftags&post=1234"}],"curies":[{"name":"wp","href":"https:\/\/api.w.org\/{rel}","templated":true}]}}