{"id":1230,"date":"2026-04-19T10:27:24","date_gmt":"2026-04-19T16:27:24","guid":{"rendered":"https:\/\/eldiariorepublicamx.com\/?p=1230"},"modified":"2026-04-19T10:27:24","modified_gmt":"2026-04-19T16:27:24","slug":"sheinbaum-y-presidente-catalan-fortalecen-cooperacion-cientifica-en-inteligencia-artificial","status":"publish","type":"post","link":"https:\/\/eldiariorepublicamx.com\/?p=1230","title":{"rendered":"Sheinbaum y presidente catal\u00e1n fortalecen cooperaci\u00f3n cient\u00edfica en inteligencia artificial"},"content":{"rendered":"<p>La presidenta de M\u00e9xico, Claudia Sheinbaum, y el presidente de la Generalitat de Catalu\u00f1a, Salvador Illa, se reunieron este domingo en Barcelona para fortalecer la colaboraci\u00f3n cient\u00edfica y tecnol\u00f3gica entre ambas regiones, con especial \u00e9nfasis en el desarrollo de inteligencia artificial.<\/p>\n<h3>Visita a centro de supercomputaci\u00f3n<\/h3>\n<p>El encuentro tuvo lugar durante el recorrido de la mandataria mexicana por las instalaciones del Barcelona Supercomputing Center, un referente europeo en computaci\u00f3n de alto rendimiento donde opera el superordenador MareNostrum. El objetivo central de la visita fue impulsar proyectos conjuntos de investigaci\u00f3n y desarrollo en IA, \u00e1rea considerada estrat\u00e9gica por ambos gobiernos.<\/p>\n<p>Durante la reuni\u00f3n, ambos mandatarios revisaron la relaci\u00f3n existente entre el BSC y diversas instituciones cient\u00edficas mexicanas, explorando v\u00edas para ampliar la cooperaci\u00f3n en innovaci\u00f3n tecnol\u00f3gica.<\/p>\n<h3>Modelo p\u00fablico y visi\u00f3n compartida<\/h3>\n<p>Salvador Illa destac\u00f3 el modelo de gobernanza p\u00fablico del centro, sostenido por la Generalitat, el Gobierno de Espa\u00f1a y la Universitat Polit\u00e8cnica de Catalunya, como una garant\u00eda de que la tecnolog\u00eda sirva al bien com\u00fan. <\/p>\n<blockquote><p>\u201cLa presidenta Sheinbaum es una mujer a favor de la ciencia, nosotros compartimos este enfoque\u201d<\/p><\/blockquote>\n<p>, afirm\u00f3 el dirigente catal\u00e1n, expresando su inter\u00e9s en promover soluciones cient\u00edficas a desaf\u00edos globales.<\/p>\n<h3>Comitiva y gestos simb\u00f3licos<\/h3>\n<p>Al acto asistieron el alcalde de Barcelona, Jaume Collboni, y la ministra espa\u00f1ola de Ciencia, Diana Morant, junto con miembros de la delegaci\u00f3n mexicana como el canciller Roberto Velasco, el jefe de la Oficina de la Presidencia L\u00e1zaro C\u00e1rdenas Batel y el embajador en Espa\u00f1a, Quirino Ordaz. Tambi\u00e9n estuvo presente el cantautor Joan Manuel Serrat, cuya m\u00fasica acompa\u00f1\u00f3 parte de la visita.<\/p>\n<p>Como s\u00edmbolo de los lazos hist\u00f3ricos y culturales, Illa entreg\u00f3 a Sheinbaum varios obsequios, incluyendo una figura de drag\u00f3n inspirada en la obra de Antoni Gaud\u00ed, una reproducci\u00f3n del acta de elecci\u00f3n en el exilio en Ciudad de M\u00e9xico de Josep Tarradellas, y libros que resaltan las conexiones art\u00edsticas y culturales entre Catalu\u00f1a y M\u00e9xico.<\/p>\n","protected":false},"excerpt":{"rendered":"<p>La presidenta de M\u00e9xico, Claudia Sheinbaum, y el presidente de la Generalitat de Catalu\u00f1a, Salvador Illa, se reunieron este domingo en Barcelona para fortalecer la&hellip;<\/p>\n","protected":false},"author":2,"featured_media":1231,"comment_status":"open","ping_status":"open","sticky":false,"template":"","format":"standard","meta":{"footnotes":""},"categories":[53,252],"tags":[698,1019,13,255,1026],"class_list":["post-1230","post","type-post","status-publish","format-standard","has-post-thumbnail","hentry","category-agenda-internacional","category-agenda-nacional","tag-barcelona","tag-ciencia","tag-claudia-sheinbaum","tag-inteligencia-artificial","tag-salvador-illa"],"_links":{"self":[{"href":"https:\/\/eldiariorepublicamx.com\/index.php?rest_route=\/wp\/v2\/posts\/1230","targetHints":{"allow":["GET"]}}],"collection":[{"href":"https:\/\/eldiariorepublicamx.com\/index.php?rest_route=\/wp\/v2\/posts"}],"about":[{"href":"https:\/\/eldiariorepublicamx.com\/index.php?rest_route=\/wp\/v2\/types\/post"}],"author":[{"embeddable":true,"href":"https:\/\/eldiariorepublicamx.com\/index.php?rest_route=\/wp\/v2\/users\/2"}],"replies":[{"embeddable":true,"href":"https:\/\/eldiariorepublicamx.com\/index.php?rest_route=%2Fwp%2Fv2%2Fcomments&post=1230"}],"version-history":[{"count":0,"href":"https:\/\/eldiariorepublicamx.com\/index.php?rest_route=\/wp\/v2\/posts\/1230\/revisions"}],"wp:featuredmedia":[{"embeddable":true,"href":"https:\/\/eldiariorepublicamx.com\/index.php?rest_route=\/wp\/v2\/media\/1231"}],"wp:attachment":[{"href":"https:\/\/eldiariorepublicamx.com\/index.php?rest_route=%2Fwp%2Fv2%2Fmedia&parent=1230"}],"wp:term":[{"taxonomy":"category","embeddable":true,"href":"https:\/\/eldiariorepublicamx.com\/index.php?rest_route=%2Fwp%2Fv2%2Fcategories&post=1230"},{"taxonomy":"post_tag","embeddable":true,"href":"https:\/\/eldiariorepublicamx.com\/index.php?rest_route=%2Fwp%2Fv2%2Ftags&post=1230"}],"curies":[{"name":"wp","href":"https:\/\/api.w.org\/{rel}","templated":true}]}}