{"id":1228,"date":"2026-04-19T10:27:21","date_gmt":"2026-04-19T16:27:21","guid":{"rendered":"https:\/\/eldiariorepublicamx.com\/?p=1228"},"modified":"2026-04-19T10:27:21","modified_gmt":"2026-04-19T16:27:21","slug":"gobierno-federal-interviene-para-frenar-posible-alza-en-precio-de-la-tortilla","status":"publish","type":"post","link":"https:\/\/eldiariorepublicamx.com\/?p=1228","title":{"rendered":"Gobierno federal interviene para frenar posible alza en precio de la tortilla"},"content":{"rendered":"<p>La administraci\u00f3n de la presidenta Claudia Sheinbaum instruy\u00f3 a la Procuradur\u00eda Federal del Consumidor (Profeco) a vigilar de cerca a todos los participantes de la cadena productiva para evitar que se incremente el costo del kilogramo de tortilla, luego de que se anunciara una posible alza en su precio durante la tercera semana de abril de 2026.<\/p>\n<h3>Anuncio previo de incremento<\/h3>\n<p>El martes 14 de abril, Homero L\u00f3pez, presidente del Consejo Nacional de la Tortilla (CNT), hab\u00eda anticipado que el precio de la tortilla subir\u00eda entre dos y cuatro pesos por kilo en la Ciudad de M\u00e9xico y ciertas zonas del Estado de M\u00e9xico. Este ajuste, seg\u00fan L\u00f3pez, respond\u00eda a un presunto aumento en el costo de la harina de entre 450 y 500 pesos anunciado para el d\u00eda siguiente, mi\u00e9rcoles 15 de abril.<\/p>\n<p>Sin embargo, el 16 de abril qued\u00f3 establecido que el precio no se incrementar\u00eda como algunos sectores de la industria agroalimentaria hab\u00edan venido advirtiendo.<\/p>\n<h3>Reacciones del sector y an\u00e1lisis<\/h3>\n<p>La Uni\u00f3n Nacional de Industriales de la Masa y la Tortilla (UNIMT) se pronunci\u00f3 en desacuerdo con la necesidad del incremento propuesto, calificando la declaraci\u00f3n del CNT como &#8220;alarmista&#8221;. No obstante, este gremio solicit\u00f3 al Gobierno federal &#8220;reordenar el mercado&#8221; para corregir pr\u00e1cticas de competencia desleal y mejorar las condiciones del sector, se\u00f1alando que, de atenderse esta problem\u00e1tica, el precio de la tortilla podr\u00eda incluso disminuir hasta en un cinco por ciento.<\/p>\n<p>Por otro lado, el Grupo Consultor de Mercados Agr\u00edcolas indic\u00f3 que el anuncio del Consejo Nacional de la Tortilla carece de fundamento en el precio del grano, ya que el valor del ma\u00edz blanco a granel tiene un promedio nacional de 5,284 pesos por tonelada, cifra inferior a los 6,618 pesos registrados en 2025.<\/p>\n<h3>Compromiso gubernamental<\/h3>\n<p>Al respecto, la presidenta Sheinbaum reiter\u00f3 el compromiso de su gobierno de mantenerse alerta y trabajando para que no se materialice ning\u00fan aumento en el precio de los productos b\u00e1sicos que afecte la econom\u00eda de las familias mexicanas.<\/p>\n","protected":false},"excerpt":{"rendered":"<p>La administraci\u00f3n de la presidenta Claudia Sheinbaum instruy\u00f3 a la Procuradur\u00eda Federal del Consumidor (Profeco) a vigilar de cerca a todos los participantes de la&hellip;<\/p>\n","protected":false},"author":2,"featured_media":1229,"comment_status":"open","ping_status":"open","sticky":false,"template":"","format":"standard","meta":{"footnotes":""},"categories":[252,52],"tags":[1025,324,125,288,1024],"class_list":["post-1228","post","type-post","status-publish","format-standard","has-post-thumbnail","hentry","category-agenda-nacional","category-economia","tag-maiz","tag-precio","tag-profeco","tag-sheinbaum","tag-tortilla"],"_links":{"self":[{"href":"https:\/\/eldiariorepublicamx.com\/index.php?rest_route=\/wp\/v2\/posts\/1228","targetHints":{"allow":["GET"]}}],"collection":[{"href":"https:\/\/eldiariorepublicamx.com\/index.php?rest_route=\/wp\/v2\/posts"}],"about":[{"href":"https:\/\/eldiariorepublicamx.com\/index.php?rest_route=\/wp\/v2\/types\/post"}],"author":[{"embeddable":true,"href":"https:\/\/eldiariorepublicamx.com\/index.php?rest_route=\/wp\/v2\/users\/2"}],"replies":[{"embeddable":true,"href":"https:\/\/eldiariorepublicamx.com\/index.php?rest_route=%2Fwp%2Fv2%2Fcomments&post=1228"}],"version-history":[{"count":0,"href":"https:\/\/eldiariorepublicamx.com\/index.php?rest_route=\/wp\/v2\/posts\/1228\/revisions"}],"wp:featuredmedia":[{"embeddable":true,"href":"https:\/\/eldiariorepublicamx.com\/index.php?rest_route=\/wp\/v2\/media\/1229"}],"wp:attachment":[{"href":"https:\/\/eldiariorepublicamx.com\/index.php?rest_route=%2Fwp%2Fv2%2Fmedia&parent=1228"}],"wp:term":[{"taxonomy":"category","embeddable":true,"href":"https:\/\/eldiariorepublicamx.com\/index.php?rest_route=%2Fwp%2Fv2%2Fcategories&post=1228"},{"taxonomy":"post_tag","embeddable":true,"href":"https:\/\/eldiariorepublicamx.com\/index.php?rest_route=%2Fwp%2Fv2%2Ftags&post=1228"}],"curies":[{"name":"wp","href":"https:\/\/api.w.org\/{rel}","templated":true}]}}