{"id":1226,"date":"2026-04-19T10:27:20","date_gmt":"2026-04-19T16:27:20","guid":{"rendered":"https:\/\/eldiariorepublicamx.com\/?p=1226"},"modified":"2026-04-19T10:27:20","modified_gmt":"2026-04-19T16:27:20","slug":"claudia-sheinbaum-se-reune-con-joan-manuel-serrat-como-parte-de-su-gira-cultural-y-diplomatica-en-barcelona","status":"publish","type":"post","link":"https:\/\/eldiariorepublicamx.com\/?p=1226","title":{"rendered":"Claudia Sheinbaum se re\u00fane con Joan Manuel Serrat como parte de su gira cultural y diplom\u00e1tica en Barcelona"},"content":{"rendered":"<p>Durante su visita a Barcelona, la presidenta de M\u00e9xico, Claudia Sheinbaum, sostuvo un encuentro con el reconocido compositor y cantante espa\u00f1ol Joan Manuel Serrat, a quien describi\u00f3 p\u00fablicamente como \u201cun s\u00edmbolo de la m\u00fasica y la resistencia\u201d. Este hecho se enmarca dentro de su gira internacional en Espa\u00f1a, la cual combina actividades de cumbres multilaterales con contactos culturales y reuniones con la comunidad mexicana en el extranjero.<\/p>\n<h3>Actividades en la ciudad catalana<\/h3>\n<p>La mandataria inform\u00f3 sobre este encuentro a trav\u00e9s de sus redes sociales, destacando el plano cultural de su agenda exterior. La reuni\u00f3n con Serrat se sum\u00f3 a otras actividades programadas en la ciudad, entre las que se incluy\u00f3 su participaci\u00f3n en la IV Cumbre en Defensa de la Democracia, donde tambi\u00e9n se reuni\u00f3 con otros l\u00edderes internacionales.<\/p>\n<p>En el marco de su estancia en Barcelona, Sheinbaum tambi\u00e9n mantuvo un encuentro con connacionales residentes en esa ciudad, el cual tuvo lugar en las instalaciones del consulado de M\u00e9xico. Durante la reuni\u00f3n, los asistentes expusieron diversas necesidades relacionadas con servicios consulares, tr\u00e1mites documentales y acceso a programas culturales.<\/p>\n<h3>Compromiso con la comunidad mexicana<\/h3>\n<p>Las autoridades consulares presentes registraron las solicitudes planteadas por la comunidad y definieron canales institucionales para su atenci\u00f3n y seguimiento. La presidencia de la Rep\u00fablica inform\u00f3 que dar\u00e1 continuidad a estos planteamientos y mantendr\u00e1 una estrecha coordinaci\u00f3n con la red consular mexicana en Espa\u00f1a.<\/p>\n<p>En sus comunicaciones p\u00fablicas durante la visita, Sheinbaum tambi\u00e9n afirm\u00f3 que ser mexicano conlleva reconocer el legado de grandeza de las culturas originarias del pa\u00eds.<\/p>\n<h3>Participaci\u00f3n en la Cumbre por la Democracia<\/h3>\n<p>La IV Cumbre en Defensa de la Democracia, celebrada en Barcelona, reuni\u00f3 a representantes de varios pa\u00edses para abordar temas de gobernanza y participaci\u00f3n pol\u00edtica. Entre los l\u00edderes participantes se encontraron el presidente del Gobierno espa\u00f1ol, Pedro S\u00e1nchez, y el mandatario brasile\u00f1o, Luiz In\u00e1cio Lula da Silva.<\/p>\n<p>Los asistentes discutieron estrategias para enfrentar el avance de posturas autoritarias a nivel global y analizaron mecanismos de cooperaci\u00f3n internacional para fortalecer las instituciones democr\u00e1ticas.<\/p>\n<p>Como parte de sus intervenciones en la cumbre, la presidenta Sheinbaum propuso redirigir parte del gasto militar mundial hacia programas ambientales, vinculando as\u00ed los conceptos de seguridad, sostenibilidad y desarrollo. Adem\u00e1s, plante\u00f3 que M\u00e9xico sea la sede de una futura edici\u00f3n de este foro multilateral, con el objetivo de posicionar al pa\u00eds en la agenda internacional sobre democracia.<\/p>\n","protected":false},"excerpt":{"rendered":"<p>Durante su visita a Barcelona, la presidenta de M\u00e9xico, Claudia Sheinbaum, sostuvo un encuentro con el reconocido compositor y cantante espa\u00f1ol Joan Manuel Serrat, a&hellip;<\/p>\n","protected":false},"author":2,"featured_media":1227,"comment_status":"open","ping_status":"open","sticky":false,"template":"","format":"standard","meta":{"footnotes":""},"categories":[53,252],"tags":[698,13,1023,161,994,1004,1022],"class_list":["post-1226","post","type-post","status-publish","format-standard","has-post-thumbnail","hentry","category-agenda-internacional","category-agenda-nacional","tag-barcelona","tag-claudia-sheinbaum","tag-comunidad-mexicana","tag-consulado","tag-cumbre","tag-democracia","tag-joan-manuel-serrat"],"_links":{"self":[{"href":"https:\/\/eldiariorepublicamx.com\/index.php?rest_route=\/wp\/v2\/posts\/1226","targetHints":{"allow":["GET"]}}],"collection":[{"href":"https:\/\/eldiariorepublicamx.com\/index.php?rest_route=\/wp\/v2\/posts"}],"about":[{"href":"https:\/\/eldiariorepublicamx.com\/index.php?rest_route=\/wp\/v2\/types\/post"}],"author":[{"embeddable":true,"href":"https:\/\/eldiariorepublicamx.com\/index.php?rest_route=\/wp\/v2\/users\/2"}],"replies":[{"embeddable":true,"href":"https:\/\/eldiariorepublicamx.com\/index.php?rest_route=%2Fwp%2Fv2%2Fcomments&post=1226"}],"version-history":[{"count":0,"href":"https:\/\/eldiariorepublicamx.com\/index.php?rest_route=\/wp\/v2\/posts\/1226\/revisions"}],"wp:featuredmedia":[{"embeddable":true,"href":"https:\/\/eldiariorepublicamx.com\/index.php?rest_route=\/wp\/v2\/media\/1227"}],"wp:attachment":[{"href":"https:\/\/eldiariorepublicamx.com\/index.php?rest_route=%2Fwp%2Fv2%2Fmedia&parent=1226"}],"wp:term":[{"taxonomy":"category","embeddable":true,"href":"https:\/\/eldiariorepublicamx.com\/index.php?rest_route=%2Fwp%2Fv2%2Fcategories&post=1226"},{"taxonomy":"post_tag","embeddable":true,"href":"https:\/\/eldiariorepublicamx.com\/index.php?rest_route=%2Fwp%2Fv2%2Ftags&post=1226"}],"curies":[{"name":"wp","href":"https:\/\/api.w.org\/{rel}","templated":true}]}}