{"id":1224,"date":"2026-04-19T10:27:19","date_gmt":"2026-04-19T16:27:19","guid":{"rendered":"https:\/\/eldiariorepublicamx.com\/?p=1224"},"modified":"2026-04-19T10:27:19","modified_gmt":"2026-04-19T16:27:19","slug":"presidenta-sheinbaum-fortalece-colaboracion-cientifica-en-visita-a-centro-de-supercomputo-espanol","status":"publish","type":"post","link":"https:\/\/eldiariorepublicamx.com\/?p=1224","title":{"rendered":"Presidenta Sheinbaum fortalece colaboraci\u00f3n cient\u00edfica en visita a centro de superc\u00f3mputo espa\u00f1ol"},"content":{"rendered":"<p>La presidenta de M\u00e9xico, Claudia Sheinbaum, realiz\u00f3 una visita al Centro Nacional de Supercomputaci\u00f3n de Espa\u00f1a este domingo, en el marco de su gira internacional, para enfatizar el papel de la ciencia y la tecnolog\u00eda ante los desaf\u00edos globales. Durante el recorrido, estuvo acompa\u00f1ada por el presidente de la Generalidad de Catalu\u00f1a, Salvador Illa Roca, y la ministra espa\u00f1ola de Ciencia, Innovaci\u00f3n y Universidades, Diana Morant, con el objetivo de conocer los avances en inteligencia artificial y el funcionamiento del supercomputador MareNostrum, uno de los m\u00e1s poderosos de Europa.<\/p>\n<h3>Compromiso de colaboraci\u00f3n bilateral<\/h3>\n<p>A trav\u00e9s de sus redes sociales, se difundieron im\u00e1genes que confirmaron el establecimiento de una alianza entre el centro espa\u00f1ol y las instituciones cient\u00edficas de M\u00e9xico. Salvador Illa Roca coment\u00f3 sobre la reuni\u00f3n, destacando los lazos hist\u00f3ricos entre Catalu\u00f1a y M\u00e9xico y subrayando la importancia de la ciencia para encontrar soluciones a los retos actuales. <\/p>\n<blockquote><p>&#8220;Con la presidenta Claudia Sheinbaum, hemos constatado los v\u00ednculos profundos e hist\u00f3ricos entre Catalu\u00f1a y M\u00e9xico. En el Barcelona Supercomputing Center-Centro Nacional de Supercomputaci\u00f3n hemos reivindicado la importancia de la ciencia, porque ofrece soluciones a muchos retos que tenemos. Colaboraremos para poner la tecnolog\u00eda al servicio de todos.&#8221;<\/p><\/blockquote>\n<p>Tras el encuentro, Illa Roca expres\u00f3 que la visita de Sheinbaum los motiva a fortalecer los lazos para reformar el servicio de la ciencia. A\u00f1adi\u00f3 que la mandataria mexicana es una defensora de la ciencia, una visi\u00f3n compartida que facilit\u00f3 el di\u00e1logo, y manifest\u00f3 su entusiasmo por colaborar, afirmando que muchas soluciones a los problemas de la humanidad llegar\u00e1n de la mano de la ciencia.<\/p>\n<h3>Encuentro cultural con Joan Manuel Serrat<\/h3>\n<p>Posterior a la visita t\u00e9cnica, la presidenta Sheinbaum se reuni\u00f3 con el reconocido cantante y compositor espa\u00f1ol Joan Manuel Serrat. En sus redes sociales, la mandataria federal comparti\u00f3 su emoci\u00f3n por el encuentro personal con quien describi\u00f3 como un s\u00edmbolo de la m\u00fasica y la resistencia.<\/p>\n<p>Por su parte, el int\u00e9rprete de &#8220;Pen\u00e9lope&#8221; elogi\u00f3 el trabajo de Sheinbaum, calific\u00e1ndolo como &#8220;muy fant\u00e1stico&#8221; y reconociendo la complejidad de hacer pol\u00edtica en M\u00e9xico.<\/p>\n","protected":false},"excerpt":{"rendered":"<p>La presidenta de M\u00e9xico, Claudia Sheinbaum, realiz\u00f3 una visita al Centro Nacional de Supercomputaci\u00f3n de Espa\u00f1a este domingo, en el marco de su gira internacional,&hellip;<\/p>\n","protected":false},"author":2,"featured_media":1225,"comment_status":"open","ping_status":"open","sticky":false,"template":"","format":"standard","meta":{"footnotes":""},"categories":[53,252],"tags":[1019,13,1021,650,1018,1020],"class_list":["post-1224","post","type-post","status-publish","format-standard","has-post-thumbnail","hentry","category-agenda-internacional","category-agenda-nacional","tag-ciencia","tag-claudia-sheinbaum","tag-colaboracion","tag-espana","tag-supercomputacion","tag-tecnologia"],"_links":{"self":[{"href":"https:\/\/eldiariorepublicamx.com\/index.php?rest_route=\/wp\/v2\/posts\/1224","targetHints":{"allow":["GET"]}}],"collection":[{"href":"https:\/\/eldiariorepublicamx.com\/index.php?rest_route=\/wp\/v2\/posts"}],"about":[{"href":"https:\/\/eldiariorepublicamx.com\/index.php?rest_route=\/wp\/v2\/types\/post"}],"author":[{"embeddable":true,"href":"https:\/\/eldiariorepublicamx.com\/index.php?rest_route=\/wp\/v2\/users\/2"}],"replies":[{"embeddable":true,"href":"https:\/\/eldiariorepublicamx.com\/index.php?rest_route=%2Fwp%2Fv2%2Fcomments&post=1224"}],"version-history":[{"count":0,"href":"https:\/\/eldiariorepublicamx.com\/index.php?rest_route=\/wp\/v2\/posts\/1224\/revisions"}],"wp:featuredmedia":[{"embeddable":true,"href":"https:\/\/eldiariorepublicamx.com\/index.php?rest_route=\/wp\/v2\/media\/1225"}],"wp:attachment":[{"href":"https:\/\/eldiariorepublicamx.com\/index.php?rest_route=%2Fwp%2Fv2%2Fmedia&parent=1224"}],"wp:term":[{"taxonomy":"category","embeddable":true,"href":"https:\/\/eldiariorepublicamx.com\/index.php?rest_route=%2Fwp%2Fv2%2Fcategories&post=1224"},{"taxonomy":"post_tag","embeddable":true,"href":"https:\/\/eldiariorepublicamx.com\/index.php?rest_route=%2Fwp%2Fv2%2Ftags&post=1224"}],"curies":[{"name":"wp","href":"https:\/\/api.w.org\/{rel}","templated":true}]}}