{"id":1220,"date":"2026-04-18T12:25:38","date_gmt":"2026-04-18T18:25:38","guid":{"rendered":"https:\/\/eldiariorepublicamx.com\/?p=1220"},"modified":"2026-04-18T12:25:38","modified_gmt":"2026-04-18T18:25:38","slug":"aficion-del-america-suena-con-regreso-de-exjugadores-para-el-proximo-campeonato","status":"publish","type":"post","link":"https:\/\/eldiariorepublicamx.com\/?p=1220","title":{"rendered":"Afici\u00f3n del Am\u00e9rica sue\u00f1a con regreso de exjugadores para el pr\u00f3ximo campeonato"},"content":{"rendered":"<p>La hinchada del Club Am\u00e9rica ha expresado p\u00fablicamente su deseo de que dos exdelanteros del equipo, Federico Vi\u00f1as e Illian Hern\u00e1ndez, regresen al club para el Torneo Apertura 2026 de la Liga MX, seg\u00fan muestran las tendencias en redes sociales.<\/p>\n<h3>Sugerencias de la afici\u00f3n<\/h3>\n<p>Los seguidores de las \u00c1guilas han utilizado plataformas como Twitter para manifestar su preferencia por el retorno de estos futbolistas, quienes ya vistieron la camiseta azulcrema en el pasado. La popularidad de esta petici\u00f3n ha colocado al tema entre los m\u00e1s comentados en el \u00e1mbito deportivo.<\/p>\n<h3>Razones del apoyo<\/h3>\n<p>El respaldo de la afici\u00f3n se fundamenta en las contribuciones positivas que ambos jugadores realizaron durante su etapa anterior en el club, siendo considerados piezas importantes en el proceso que llev\u00f3 al equipo a conseguir sus t\u00edtulos m\u00e1s recientes.<\/p>\n<p>M\u00e1s all\u00e1 de estos nombres, otro delantero que tambi\u00e9n genera ilusi\u00f3n entre los simpatizantes es Ra\u00fal Jim\u00e9nez. Sin embargo, analistas del medio deportivo han se\u00f1alado que su fichaje podr\u00eda representar una operaci\u00f3n compleja y de dif\u00edcil concreci\u00f3n en el corto plazo.<\/p>\n<p>El Club Am\u00e9rica mantiene una presencia constante en las conversaciones digitales, no solo por sus resultados en la Liga MX, sino tambi\u00e9n por las actualizaciones relacionadas con el Estadio Banorte, cuyos detalles sobre patrocinios y dise\u00f1o han generado amplio debate en l\u00ednea.<\/p>\n","protected":false},"excerpt":{"rendered":"<p>La hinchada del Club Am\u00e9rica ha expresado p\u00fablicamente su deseo de que dos exdelanteros del equipo, Federico Vi\u00f1as e Illian Hern\u00e1ndez, regresen al club para&hellip;<\/p>\n","protected":false},"author":2,"featured_media":1221,"comment_status":"open","ping_status":"open","sticky":false,"template":"","format":"standard","meta":{"footnotes":""},"categories":[291],"tags":[1011,1013,1014,338,1012],"class_list":["post-1220","post","type-post","status-publish","format-standard","has-post-thumbnail","hentry","category-deportes","tag-club-america","tag-federico-vinas","tag-illian-hernandez","tag-liga-mx","tag-torneo-apertura-2026"],"_links":{"self":[{"href":"https:\/\/eldiariorepublicamx.com\/index.php?rest_route=\/wp\/v2\/posts\/1220","targetHints":{"allow":["GET"]}}],"collection":[{"href":"https:\/\/eldiariorepublicamx.com\/index.php?rest_route=\/wp\/v2\/posts"}],"about":[{"href":"https:\/\/eldiariorepublicamx.com\/index.php?rest_route=\/wp\/v2\/types\/post"}],"author":[{"embeddable":true,"href":"https:\/\/eldiariorepublicamx.com\/index.php?rest_route=\/wp\/v2\/users\/2"}],"replies":[{"embeddable":true,"href":"https:\/\/eldiariorepublicamx.com\/index.php?rest_route=%2Fwp%2Fv2%2Fcomments&post=1220"}],"version-history":[{"count":0,"href":"https:\/\/eldiariorepublicamx.com\/index.php?rest_route=\/wp\/v2\/posts\/1220\/revisions"}],"wp:featuredmedia":[{"embeddable":true,"href":"https:\/\/eldiariorepublicamx.com\/index.php?rest_route=\/wp\/v2\/media\/1221"}],"wp:attachment":[{"href":"https:\/\/eldiariorepublicamx.com\/index.php?rest_route=%2Fwp%2Fv2%2Fmedia&parent=1220"}],"wp:term":[{"taxonomy":"category","embeddable":true,"href":"https:\/\/eldiariorepublicamx.com\/index.php?rest_route=%2Fwp%2Fv2%2Fcategories&post=1220"},{"taxonomy":"post_tag","embeddable":true,"href":"https:\/\/eldiariorepublicamx.com\/index.php?rest_route=%2Fwp%2Fv2%2Ftags&post=1220"}],"curies":[{"name":"wp","href":"https:\/\/api.w.org\/{rel}","templated":true}]}}