{"id":122,"date":"2026-03-20T12:35:08","date_gmt":"2026-03-20T18:35:08","guid":{"rendered":"https:\/\/eldiariorepublicamx.com\/?p=122"},"modified":"2026-03-20T12:35:08","modified_gmt":"2026-03-20T18:35:08","slug":"banco-del-bienestar-aclara-que-pasa-si-no-se-cobra-a-tiempo-la-beca-benito-juarez-o-rita-cetina","status":"publish","type":"post","link":"https:\/\/eldiariorepublicamx.com\/?p=122","title":{"rendered":"Banco del Bienestar aclara qu\u00e9 pasa si no se cobra a tiempo la Beca Benito Ju\u00e1rez o Rita Cetina"},"content":{"rendered":"<p>El Banco del Bienestar emiti\u00f3 una aclaraci\u00f3n dirigida a los beneficiarios de las Becas Benito Ju\u00e1rez y Rita Cetina para despejar dudas sobre las consecuencias de no cobrar el apoyo econ\u00f3mico en el periodo establecido. La instituci\u00f3n confirm\u00f3 que no retirar el dinero de inmediato no implica la p\u00e9rdida autom\u00e1tica del beneficio, pero s\u00ed puede generar retrasos, revisiones o bloqueos si la falta de cobro se prolonga.<\/p>\n<h3>Permanencia del recurso y condiciones de cobro<\/h3>\n<p>Seg\u00fan el banco, los recursos depositados por concepto de estas becas permanecen disponibles en la cuenta del beneficiario durante un tiempo determinado. No es obligatorio retirar el dinero el d\u00eda del dep\u00f3sito. Sin embargo, si la tarjeta no se recoge o no se activa en el plazo indicado, los pagos pueden quedar retenidos temporalmente. Aunque el dinero no se pierde, el sistema registra el apoyo como pendiente, lo que podr\u00eda afectar la dispersi\u00f3n de pagos futuros.<\/p>\n<p>En casos donde las familias no revisan su saldo o asumen que el dep\u00f3sito no se realiz\u00f3, el recurso sigue disponible, pero la inactividad prolongada en la cuenta puede activar una revisi\u00f3n administrativa. Esta revisi\u00f3n no conlleva una cancelaci\u00f3n inmediata del apoyo, pero s\u00ed puede derivar en bloqueos preventivos hasta que se regularice la situaci\u00f3n.<\/p>\n<h3>Revisi\u00f3n por posible desuso del beneficio<\/h3>\n<p>El Banco del Bienestar y las autoridades educativas consideran que la falta reiterada de cobro puede interpretarse como una se\u00f1al de que el apoyo no se est\u00e1 utilizando con fines educativos, especialmente si se suma a datos escolares desactualizados o incompletos. En estos escenarios, se intensifica la supervisi\u00f3n del caso.<\/p>\n<p>Entre los factores que pueden agravar la situaci\u00f3n se encuentran cambios de escuela no reportados, errores en los datos personales, falta de validaci\u00f3n escolar o la ausencia de movimientos en la cuenta durante varios ciclos de pago.<\/p>\n<h3>Bajas temporales y recuperaci\u00f3n del beneficio<\/h3>\n<p>En casos extremos, cuando no se cobra durante un periodo prolongado y no hay comunicaci\u00f3n por parte del beneficiario, el programa puede dar de baja temporal al usuario. Esta medida no implica la p\u00e9rdida definitiva del derecho a la beca, pero s\u00ed requiere tr\u00e1mites adicionales para su reactivaci\u00f3n.<\/p>\n<p>El Banco del Bienestar enfatiz\u00f3 que es posible recuperar el apoyo siempre que se regularice la situaci\u00f3n, aunque el proceso puede implicar tiempos de espera y la necesidad de acudir a m\u00f3dulos de atenci\u00f3n para actualizar datos o presentar documentaci\u00f3n necesaria.<\/p>\n","protected":false},"excerpt":{"rendered":"<p>El Banco del Bienestar emiti\u00f3 una aclaraci\u00f3n dirigida a los beneficiarios de las Becas Benito Ju\u00e1rez y Rita Cetina para despejar dudas sobre las consecuencias&hellip;<\/p>\n","protected":false},"author":2,"featured_media":123,"comment_status":"open","ping_status":"open","sticky":false,"template":"","format":"standard","meta":{"footnotes":""},"categories":[52],"tags":[184,182,66,183,185,13,68],"class_list":["post-122","post","type-post","status-publish","format-standard","has-post-thumbnail","hentry","category-economia","tag-apoyos-educativos","tag-banco-del-bienestar","tag-beca-rita-cetina","tag-becas-benito-juarez","tag-beneficiarios","tag-claudia-sheinbaum","tag-pagos"],"_links":{"self":[{"href":"https:\/\/eldiariorepublicamx.com\/index.php?rest_route=\/wp\/v2\/posts\/122","targetHints":{"allow":["GET"]}}],"collection":[{"href":"https:\/\/eldiariorepublicamx.com\/index.php?rest_route=\/wp\/v2\/posts"}],"about":[{"href":"https:\/\/eldiariorepublicamx.com\/index.php?rest_route=\/wp\/v2\/types\/post"}],"author":[{"embeddable":true,"href":"https:\/\/eldiariorepublicamx.com\/index.php?rest_route=\/wp\/v2\/users\/2"}],"replies":[{"embeddable":true,"href":"https:\/\/eldiariorepublicamx.com\/index.php?rest_route=%2Fwp%2Fv2%2Fcomments&post=122"}],"version-history":[{"count":0,"href":"https:\/\/eldiariorepublicamx.com\/index.php?rest_route=\/wp\/v2\/posts\/122\/revisions"}],"wp:featuredmedia":[{"embeddable":true,"href":"https:\/\/eldiariorepublicamx.com\/index.php?rest_route=\/wp\/v2\/media\/123"}],"wp:attachment":[{"href":"https:\/\/eldiariorepublicamx.com\/index.php?rest_route=%2Fwp%2Fv2%2Fmedia&parent=122"}],"wp:term":[{"taxonomy":"category","embeddable":true,"href":"https:\/\/eldiariorepublicamx.com\/index.php?rest_route=%2Fwp%2Fv2%2Fcategories&post=122"},{"taxonomy":"post_tag","embeddable":true,"href":"https:\/\/eldiariorepublicamx.com\/index.php?rest_route=%2Fwp%2Fv2%2Ftags&post=122"}],"curies":[{"name":"wp","href":"https:\/\/api.w.org\/{rel}","templated":true}]}}