{"id":1216,"date":"2026-04-18T10:27:59","date_gmt":"2026-04-18T16:27:59","guid":{"rendered":"https:\/\/eldiariorepublicamx.com\/?p=1216"},"modified":"2026-04-18T10:27:59","modified_gmt":"2026-04-18T16:27:59","slug":"mexico-albergara-en-2027-la-cumbre-mundial-en-defensa-de-la-democracia-tras-gestion-de-sheinbaum","status":"publish","type":"post","link":"https:\/\/eldiariorepublicamx.com\/?p=1216","title":{"rendered":"M\u00e9xico albergar\u00e1 en 2027 la cumbre mundial En Defensa de la Democracia tras gesti\u00f3n de Sheinbaum"},"content":{"rendered":"<p>M\u00e9xico ser\u00e1 la sede de la quinta edici\u00f3n de la cumbre internacional &#8216;En Defensa de la Democracia&#8217; en el a\u00f1o 2027, un logro alcanzado por la presidenta Claudia Sheinbaum durante su participaci\u00f3n en el evento celebrado en Barcelona y confirmado por el presidente del Gobierno de Espa\u00f1a, Pedro S\u00e1nchez.<\/p>\n<h3>Gesti\u00f3n diplom\u00e1tica en Barcelona<\/h3>\n<p>La mandataria mexicana propuso durante la cuarta edici\u00f3n del encuentro, realizado en el recinto Fira Barcelona Gran Via, que el pa\u00eds sea anfitri\u00f3n de la siguiente reuni\u00f3n. La iniciativa fue respaldada p\u00fablicamente por S\u00e1nchez, quien destac\u00f3 en sus redes sociales la &#8216;gran sinton\u00eda&#8217; con Sheinbaum y calific\u00f3 la designaci\u00f3n como una &#8216;gran noticia&#8217;.<\/p>\n<blockquote><p>\u201cHe conversado con la presidenta Claudia Sheinbaum sobre la situaci\u00f3n global y la clave de avanzar en las relaciones UE-M\u00e9xico. Es una gran noticia que M\u00e9xico vaya a albergar la pr\u00f3xima reuni\u00f3n &#8216;En Defensa de la Democracia&#8217;\u201d, expres\u00f3 el jefe del Ejecutivo espa\u00f1ol.<\/p><\/blockquote>\n<h3>Propuestas para una agenda de paz<\/h3>\n<p>En el marco de la cumbre, Sheinbaum impuls\u00f3 una agenda centrada en la paz, la cooperaci\u00f3n internacional y el bienestar social. Entre las acciones concretas que plante\u00f3 se encuentran destinar el 10 por ciento del gasto militar mundial a un programa de reforestaci\u00f3n masiva y promover una declaraci\u00f3n internacional contra la intervenci\u00f3n militar en Cuba.<\/p>\n<p>\u201cEn vez de sembrar guerra, sembremos paz, sembremos vida\u201d, enfatiz\u00f3 la presidenta, delineando una visi\u00f3n del papel de la comunidad internacional basada en la cooperaci\u00f3n y el desarrollo sostenible.<\/p>\n<h3>Una visi\u00f3n democr\u00e1tica con justicia social<\/h3>\n<p>Sheinbaum subray\u00f3 que la democracia debe entenderse como un sistema fundamentado en la justicia social, la inclusi\u00f3n y la participaci\u00f3n ciudadana. \u201cNo es la democracia de las \u00e9lites, sino la del pueblo; no la de la concentraci\u00f3n de la riqueza, sino la de su distribuci\u00f3n\u201d, afirm\u00f3.<\/p>\n<p>La jefa del Ejecutivo mexicano tambi\u00e9n destac\u00f3 que M\u00e9xico aporta al mundo principios constitucionales de pol\u00edtica exterior como la autodeterminaci\u00f3n de los pueblos, la no intervenci\u00f3n, la soluci\u00f3n pac\u00edfica de controversias y la defensa de los derechos humanos.<\/p>\n<h3>Legado hist\u00f3rico y proyecci\u00f3n internacional<\/h3>\n<p>En su intervenci\u00f3n, evoc\u00f3 figuras hist\u00f3ricas como Benito Ju\u00e1rez y retom\u00f3 la frase \u201cCon el pueblo, todo; sin el pueblo, nada\u201d para reforzar su visi\u00f3n democr\u00e1tica. La designaci\u00f3n de M\u00e9xico como sede de la cumbre de 2027 representa un reconocimiento a la proyecci\u00f3n internacional del pa\u00eds y a la gesti\u00f3n diplom\u00e1tica de su gobierno.<\/p>\n","protected":false},"excerpt":{"rendered":"<p>M\u00e9xico ser\u00e1 la sede de la quinta edici\u00f3n de la cumbre internacional &#8216;En Defensa de la Democracia&#8217; en el a\u00f1o 2027, un logro alcanzado por&hellip;<\/p>\n","protected":false},"author":2,"featured_media":1217,"comment_status":"open","ping_status":"open","sticky":false,"template":"","format":"standard","meta":{"footnotes":""},"categories":[53],"tags":[13,994,1004,45,846],"class_list":["post-1216","post","type-post","status-publish","format-standard","has-post-thumbnail","hentry","category-agenda-internacional","tag-claudia-sheinbaum","tag-cumbre","tag-democracia","tag-mexico","tag-pedro-sanchez"],"_links":{"self":[{"href":"https:\/\/eldiariorepublicamx.com\/index.php?rest_route=\/wp\/v2\/posts\/1216","targetHints":{"allow":["GET"]}}],"collection":[{"href":"https:\/\/eldiariorepublicamx.com\/index.php?rest_route=\/wp\/v2\/posts"}],"about":[{"href":"https:\/\/eldiariorepublicamx.com\/index.php?rest_route=\/wp\/v2\/types\/post"}],"author":[{"embeddable":true,"href":"https:\/\/eldiariorepublicamx.com\/index.php?rest_route=\/wp\/v2\/users\/2"}],"replies":[{"embeddable":true,"href":"https:\/\/eldiariorepublicamx.com\/index.php?rest_route=%2Fwp%2Fv2%2Fcomments&post=1216"}],"version-history":[{"count":0,"href":"https:\/\/eldiariorepublicamx.com\/index.php?rest_route=\/wp\/v2\/posts\/1216\/revisions"}],"wp:featuredmedia":[{"embeddable":true,"href":"https:\/\/eldiariorepublicamx.com\/index.php?rest_route=\/wp\/v2\/media\/1217"}],"wp:attachment":[{"href":"https:\/\/eldiariorepublicamx.com\/index.php?rest_route=%2Fwp%2Fv2%2Fmedia&parent=1216"}],"wp:term":[{"taxonomy":"category","embeddable":true,"href":"https:\/\/eldiariorepublicamx.com\/index.php?rest_route=%2Fwp%2Fv2%2Fcategories&post=1216"},{"taxonomy":"post_tag","embeddable":true,"href":"https:\/\/eldiariorepublicamx.com\/index.php?rest_route=%2Fwp%2Fv2%2Ftags&post=1216"}],"curies":[{"name":"wp","href":"https:\/\/api.w.org\/{rel}","templated":true}]}}