{"id":1212,"date":"2026-04-18T10:27:55","date_gmt":"2026-04-18T16:27:55","guid":{"rendered":"https:\/\/eldiariorepublicamx.com\/?p=1212"},"modified":"2026-04-18T10:27:55","modified_gmt":"2026-04-18T16:27:55","slug":"presidenta-sheinbaum-propone-en-barcelona-canalizar-gasto-militar-a-reforestacion-mundial-y-condena-intervencion-en-cuba","status":"publish","type":"post","link":"https:\/\/eldiariorepublicamx.com\/?p=1212","title":{"rendered":"Presidenta Sheinbaum propone en Barcelona canalizar gasto militar a reforestaci\u00f3n mundial y condena intervenci\u00f3n en Cuba"},"content":{"rendered":"<p>Durante su participaci\u00f3n en la IV Cumbre en Defensa de la Democracia, realizada en el recinto Fira Barcelona Gran Via, la presidenta de M\u00e9xico, Claudia Sheinbaum, present\u00f3 este s\u00e1bado una iniciativa para la creaci\u00f3n de un fondo global de reforestaci\u00f3n, el cual ser\u00eda financiado con el 10 por ciento del presupuesto mundial que actualmente se destina a armamento.<\/p>\n<h3>Un llamado a cambiar prioridades globales<\/h3>\n<p>La mandataria mexicana inst\u00f3 a las naciones a reorientar sus recursos de la guerra hacia la siembra de vida. Plante\u00f3 una reingenier\u00eda de las prioridades financieras internacionales, donde los miles de millones de d\u00f3lares invertidos en lo militar se redirijan a un programa masivo que permita reforestar millones de hect\u00e1reas cada a\u00f1o.<\/p>\n<blockquote><p>&#8220;En vez de sembrar guerra, sembremos paz, sembremos vida. Quiero proponer una declaraci\u00f3n en contra de la intervenci\u00f3n militar en Cuba; que el di\u00e1logo y la paz prevalezcan&#8221;, afirm\u00f3 la Jefa del Ejecutivo Federal.<\/p><\/blockquote>\n<h3>M\u00e9xico busca ser anfitri\u00f3n en 2027<\/h3>\n<p>Con el objetivo de profundizar el debate sobre una econom\u00eda centrada en el bienestar, Sheinbaum extendi\u00f3 una invitaci\u00f3n formal para que M\u00e9xico sea sede de este foro internacional en el a\u00f1o 2027.<\/p>\n<p>Subray\u00f3 que el modelo de democracia en M\u00e9xico pertenece al pueblo y no a las \u00e9lites, enfatizando que una verdadera democratizaci\u00f3n debe incluir acceso universal a salud, educaci\u00f3n y cultura. Para sustentar su postura, cit\u00f3 a figuras hist\u00f3ricas como Abraham Lincoln y Benito Ju\u00e1rez.<\/p>\n<h3>Los principios de la pol\u00edtica exterior mexicana<\/h3>\n<p>Ante la comunidad internacional reunida en Barcelona, la presidenta destac\u00f3 que M\u00e9xico act\u00faa como un s\u00edmbolo de esperanza en un mundo fracturado por la desigualdad. Reiter\u00f3 los principios constitucionales que gu\u00edan la acci\u00f3n exterior del pa\u00eds, entre los que se cuentan el respeto a la autodeterminaci\u00f3n de los pueblos, la no intervenci\u00f3n en asuntos internos de otras naciones, la soluci\u00f3n pac\u00edfica de controversias y el rechazo al uso de la fuerza.<\/p>\n<h3>La comitiva presidencial<\/h3>\n<p>La presidenta Sheinbaum no asisti\u00f3 sola a este encuentro de alto nivel. Fue acompa\u00f1ada por una delegaci\u00f3n integrada por el secretario de Relaciones Exteriores, Roberto Velasco \u00c1lvarez; la secretaria de Medio Ambiente y Recursos Naturales, Alicia B\u00e1rcena Ibarra; el jefe de la Oficina de la Presidencia, L\u00e1zaro C\u00e1rdenas Batel; y el embajador de M\u00e9xico en Espa\u00f1a, Quirino Ordaz Coppel.<\/p>\n<p>Para cerrar su intervenci\u00f3n, Sheinbaum reivindic\u00f3 la historia de M\u00e9xico como una naci\u00f3n que ha superado siglos de saqueo y machismo, se\u00f1alando que su llegada a la presidencia en 2024 representa un hito hist\u00f3rico dentro del legado de figuras como Miguel Hidalgo, Benito Ju\u00e1rez y L\u00e1zaro C\u00e1rdenas.<\/p>\n","protected":false},"excerpt":{"rendered":"<p>Durante su participaci\u00f3n en la IV Cumbre en Defensa de la Democracia, realizada en el recinto Fira Barcelona Gran Via, la presidenta de M\u00e9xico, Claudia&hellip;<\/p>\n","protected":false},"author":2,"featured_media":1213,"comment_status":"open","ping_status":"open","sticky":false,"template":"","format":"standard","meta":{"footnotes":""},"categories":[53,252],"tags":[13,55,1008,1006,59,1007],"class_list":["post-1212","post","type-post","status-publish","format-standard","has-post-thumbnail","hentry","category-agenda-internacional","category-agenda-nacional","tag-claudia-sheinbaum","tag-cuba","tag-cumbre-barcelona","tag-gasto-militar","tag-politica-exterior","tag-reforestacion"],"_links":{"self":[{"href":"https:\/\/eldiariorepublicamx.com\/index.php?rest_route=\/wp\/v2\/posts\/1212","targetHints":{"allow":["GET"]}}],"collection":[{"href":"https:\/\/eldiariorepublicamx.com\/index.php?rest_route=\/wp\/v2\/posts"}],"about":[{"href":"https:\/\/eldiariorepublicamx.com\/index.php?rest_route=\/wp\/v2\/types\/post"}],"author":[{"embeddable":true,"href":"https:\/\/eldiariorepublicamx.com\/index.php?rest_route=\/wp\/v2\/users\/2"}],"replies":[{"embeddable":true,"href":"https:\/\/eldiariorepublicamx.com\/index.php?rest_route=%2Fwp%2Fv2%2Fcomments&post=1212"}],"version-history":[{"count":0,"href":"https:\/\/eldiariorepublicamx.com\/index.php?rest_route=\/wp\/v2\/posts\/1212\/revisions"}],"wp:featuredmedia":[{"embeddable":true,"href":"https:\/\/eldiariorepublicamx.com\/index.php?rest_route=\/wp\/v2\/media\/1213"}],"wp:attachment":[{"href":"https:\/\/eldiariorepublicamx.com\/index.php?rest_route=%2Fwp%2Fv2%2Fmedia&parent=1212"}],"wp:term":[{"taxonomy":"category","embeddable":true,"href":"https:\/\/eldiariorepublicamx.com\/index.php?rest_route=%2Fwp%2Fv2%2Fcategories&post=1212"},{"taxonomy":"post_tag","embeddable":true,"href":"https:\/\/eldiariorepublicamx.com\/index.php?rest_route=%2Fwp%2Fv2%2Ftags&post=1212"}],"curies":[{"name":"wp","href":"https:\/\/api.w.org\/{rel}","templated":true}]}}