{"id":1210,"date":"2026-04-18T10:27:52","date_gmt":"2026-04-18T16:27:52","guid":{"rendered":"https:\/\/eldiariorepublicamx.com\/?p=1210"},"modified":"2026-04-18T10:27:52","modified_gmt":"2026-04-18T16:27:52","slug":"mandataria-mexicana-propone-en-cumbre-internacional-destinar-gasto-militar-a-reforestacion-y-defiende-a-cuba","status":"publish","type":"post","link":"https:\/\/eldiariorepublicamx.com\/?p=1210","title":{"rendered":"Mandataria mexicana propone en cumbre internacional destinar gasto militar a reforestaci\u00f3n y defiende a Cuba"},"content":{"rendered":"<p>Durante su participaci\u00f3n en la IV Cumbre en Defensa de la Democracia realizada en Barcelona, la presidenta de M\u00e9xico, Claudia Sheinbaum, realiz\u00f3 una serie de propuestas internacionales, entre las que destacan destinar el 10 por ciento del gasto mundial en armamento a un programa global de reforestaci\u00f3n y emitir una declaraci\u00f3n contra una intervenci\u00f3n militar en Cuba.<\/p>\n<h3>Invitaci\u00f3n y visi\u00f3n de democracia<\/h3>\n<p>La mandataria aprovech\u00f3 el foro, presidido por el presidente de Espa\u00f1a, Pedro S\u00e1nchez P\u00e9rez-Castej\u00f3n, para invitar a que la edici\u00f3n de 2027 de esta cumbre se celebre en M\u00e9xico. En su intervenci\u00f3n, Sheinbaum afirm\u00f3 que: \u201cNo hay democracia cuando no hay opci\u00f3n para los pobres, para los despose\u00eddos\u201d.<\/p>\n<p>Record\u00f3 que ya en la Cumbre del G20 de 2024 en R\u00edo de Janeiro hab\u00eda propuesto una nueva visi\u00f3n para la ONU, que implicaba redirigir ese porcentaje del gasto militar, que asciende a miles de millones de d\u00f3lares, para reforestar millones de hect\u00e1reas anualmente. \u201cEn vez de sembrar guerra, sembremos paz, sembremos vida\u201d, se\u00f1al\u00f3.<\/p>\n<h3>Postura frente a Cuba y principios democr\u00e1ticos<\/h3>\n<p>Sobre la situaci\u00f3n de Cuba, la presidenta mexicana remarc\u00f3 que el di\u00e1logo y la paz deben prevalecer y abog\u00f3 por una declaraci\u00f3n en contra de una intervenci\u00f3n militar. En su discurso, extendi\u00f3 su definici\u00f3n de democracia: \u201cLa democracia significa elevar el amor por encima del odio, cultivar la generosidad en lugar de la avaricia, la fraternidad por encima de la guerra. La democracia significa que la vida no se compra, como tampoco la libertad ni la dignidad de los pueblos\u201d.<\/p>\n<p>Sheinbaum se defini\u00f3 como \u201cuna mujer de paz\u201d y dijo representar a una naci\u00f3n que ama la libertad, la justicia y la fraternidad, citando el legado de Benito Ju\u00e1rez.<\/p>\n<h3>Representaci\u00f3n y legado hist\u00f3rico<\/h3>\n<p>Expres\u00f3 su orgullo por representar al pueblo de M\u00e9xico, subrayando que en 2024 este \u201cdecidi\u00f3 romper su historia de machismo y eligi\u00f3 a su primera mujer presidenta\u201d. Tambi\u00e9n evoc\u00f3 el legado hist\u00f3rico de figuras como Miguel Hidalgo y Costilla, quien declar\u00f3 la abolici\u00f3n de la esclavitud, y Jos\u00e9 Mar\u00eda Morelos y Pav\u00f3n.<\/p>\n<h3>Acogida de la propuesta anfitriona y objetivos de la cumbre<\/h3>\n<p>Al inaugurar el encuentro, el presidente espa\u00f1ol, Pedro S\u00e1nchez, agradeci\u00f3 y acogi\u00f3 la propuesta de Sheinbaum para que M\u00e9xico sea sede en 2027. \u201cQuiero dar la bienvenida a los gobiernos que se incorporan por primera vez a esta reuni\u00f3n y tambi\u00e9n agradecer a la presidenta de M\u00e9xico el que haya ofrecido M\u00e9xico para albergar la pr\u00f3xima Cumbre en Defensa de la Democracia\u201d, indic\u00f3.<\/p>\n<p>S\u00e1nchez expuso los tres objetivos del encuentro: renovar y reformar la ONU, posiblemente bajo el liderazgo de una mujer; impulsar una agenda legislativa para exigir responsabilidad a las plataformas digitales y combatir la manipulaci\u00f3n algor\u00edtmica; y luchar contra la desigualdad, ya que \u201cadem\u00e1s de ser injusta, es dif\u00edcilmente compatible con democracias sanas y fuertes\u201d.<\/p>\n<p>El presidente espa\u00f1ol advirti\u00f3 sobre los ataques al sistema multilateral y la normalizaci\u00f3n del uso de la fuerza, afirmando: \u201cPorque el contexto es claro: la democracia no puede darse por sentada. Vemos ataques al sistema multilateral, un intento tras otro de impugnar las reglas del derecho internacional y una peligrosa normalizaci\u00f3n del uso de la fuerza\u201d.<\/p>\n<h3>Asistentes al encuentro<\/h3>\n<p>La cumbre, celebrada este s\u00e1bado en Barcelona, cont\u00f3 tambi\u00e9n con la asistencia de los presidentes Gustavo Petro de Colombia, Luiz In\u00e1cio Lula da Silva de Brasil y Yamand\u00fa Orsi de Uruguay, y fue mediada por el expresidente de Chile, Gabriel Boric.<\/p>\n","protected":false},"excerpt":{"rendered":"<p>Durante su participaci\u00f3n en la IV Cumbre en Defensa de la Democracia realizada en Barcelona, la presidenta de M\u00e9xico, Claudia Sheinbaum, realiz\u00f3 una serie de&hellip;<\/p>\n","protected":false},"author":2,"featured_media":1211,"comment_status":"open","ping_status":"open","sticky":false,"template":"","format":"standard","meta":{"footnotes":""},"categories":[53,252],"tags":[13,55,1005,1006,1007],"class_list":["post-1210","post","type-post","status-publish","format-standard","has-post-thumbnail","hentry","category-agenda-internacional","category-agenda-nacional","tag-claudia-sheinbaum","tag-cuba","tag-cumbre-defensa-democracia","tag-gasto-militar","tag-reforestacion"],"_links":{"self":[{"href":"https:\/\/eldiariorepublicamx.com\/index.php?rest_route=\/wp\/v2\/posts\/1210","targetHints":{"allow":["GET"]}}],"collection":[{"href":"https:\/\/eldiariorepublicamx.com\/index.php?rest_route=\/wp\/v2\/posts"}],"about":[{"href":"https:\/\/eldiariorepublicamx.com\/index.php?rest_route=\/wp\/v2\/types\/post"}],"author":[{"embeddable":true,"href":"https:\/\/eldiariorepublicamx.com\/index.php?rest_route=\/wp\/v2\/users\/2"}],"replies":[{"embeddable":true,"href":"https:\/\/eldiariorepublicamx.com\/index.php?rest_route=%2Fwp%2Fv2%2Fcomments&post=1210"}],"version-history":[{"count":0,"href":"https:\/\/eldiariorepublicamx.com\/index.php?rest_route=\/wp\/v2\/posts\/1210\/revisions"}],"wp:featuredmedia":[{"embeddable":true,"href":"https:\/\/eldiariorepublicamx.com\/index.php?rest_route=\/wp\/v2\/media\/1211"}],"wp:attachment":[{"href":"https:\/\/eldiariorepublicamx.com\/index.php?rest_route=%2Fwp%2Fv2%2Fmedia&parent=1210"}],"wp:term":[{"taxonomy":"category","embeddable":true,"href":"https:\/\/eldiariorepublicamx.com\/index.php?rest_route=%2Fwp%2Fv2%2Fcategories&post=1210"},{"taxonomy":"post_tag","embeddable":true,"href":"https:\/\/eldiariorepublicamx.com\/index.php?rest_route=%2Fwp%2Fv2%2Ftags&post=1210"}],"curies":[{"name":"wp","href":"https:\/\/api.w.org\/{rel}","templated":true}]}}