{"id":1208,"date":"2026-04-18T10:27:49","date_gmt":"2026-04-18T16:27:49","guid":{"rendered":"https:\/\/eldiariorepublicamx.com\/?p=1208"},"modified":"2026-04-18T10:27:49","modified_gmt":"2026-04-18T16:27:49","slug":"presidenta-sheinbaum-participa-en-cumbre-democratica-internacional-y-anuncia-sede-proxima-en-mexico","status":"publish","type":"post","link":"https:\/\/eldiariorepublicamx.com\/?p=1208","title":{"rendered":"Presidenta Sheinbaum participa en cumbre democr\u00e1tica internacional y anuncia sede pr\u00f3xima en M\u00e9xico"},"content":{"rendered":"<p>La presidenta de M\u00e9xico, Claudia Sheinbaum, particip\u00f3 este s\u00e1bado en la IV Reuni\u00f3n en Defensa de la Democracia en Barcelona, Espa\u00f1a, donde anunci\u00f3 que su pa\u00eds ser\u00e1 sede del pr\u00f3ximo encuentro internacional y propuso una declaraci\u00f3n contra la intervenci\u00f3n militar en Cuba.<\/p>\n<h3>Llamado a fortalecer la democracia<\/h3>\n<p>Durante el discurso inaugural del foro, el presidente del Gobierno espa\u00f1ol, Pedro S\u00e1nchez, hizo un llamado a \u201cproteger y fortalecer\u201d la democracia frente a los ataques al sistema multilateral. Ante una quincena de l\u00edderes internacionales, incluidos los presidentes de Brasil, Sud\u00e1frica y Colombia, S\u00e1nchez asegur\u00f3 la disposici\u00f3n de los asistentes a \u201chacer lo que sea necesario para proteger y fortalecer el sistema democr\u00e1tico\u201d.<\/p>\n<p>El mandatario espa\u00f1ol advirti\u00f3 sobre una \u201cpeligrosa normalizaci\u00f3n del uso de la fuerza\u201d y consider\u00f3 que ha llegado el momento de que la ONU \u201csea renovada, reformada\u201d y \u201cdirigida por una mujer\u201d.<\/p>\n<h3>Presencia de Sheinbaum marca deshielo bilateral<\/h3>\n<p>La asistencia de la presidenta mexicana a la cumbre, su primer viaje a Europa desde que asumi\u00f3 el cargo en octubre de 2024, fue vista como un nuevo paso en la mejora de las relaciones entre M\u00e9xico y Espa\u00f1a. Estas se hab\u00edan tensado previamente por la exigencia mexicana de disculpas por la conquista espa\u00f1ola de Am\u00e9rica.<\/p>\n<p>Al respecto, Sheinbaum declar\u00f3 antes de entrar a la reuni\u00f3n: \u201cNo hay crisis diplom\u00e1tica, nunca ha habido. Lo que es muy importante es que se reconozca la fuerza de los pueblos originarios para nuestra patria\u201d. Este gesto se produce luego de que el rey Felipe VI de Espa\u00f1a reconociera en marzo que hubo abusos durante la conquista.<\/p>\n<h3>Reivindicaci\u00f3n hist\u00f3rica y propuestas<\/h3>\n<p>En su intervenci\u00f3n dentro del plenario, la mandataria mexicana realiz\u00f3 una reivindicaci\u00f3n de su pa\u00eds y sus ra\u00edces. \u201cVengo de un pueblo que reconoce su origen en las grandes culturas originarias, aquellas que fueron acalladas, esclavizadas y saqueadas, pero que nunca fueron derrotadas, porque hay memorias que no se conquistan y ra\u00edces que nunca se arrancan\u201d, sostuvo.<\/p>\n<p>Adem\u00e1s de anunciar que M\u00e9xico albergar\u00e1 la pr\u00f3xima edici\u00f3n de la cumbre, Sheinbaum propuso que en esta ocasi\u00f3n se adopte \u201cuna declaraci\u00f3n en contra de la intervenci\u00f3n militar en Cuba\u201d.<\/p>\n<h3>Contexto pol\u00edtico y otros l\u00edderes<\/h3>\n<p>El encuentro, promovido por Brasil y Espa\u00f1a desde 2024, coincidi\u00f3 con una congregaci\u00f3n de simpatizantes de la ultraderecha europea en Mil\u00e1n. El presidente colombiano, Gustavo Petro, aclar\u00f3 que la cumbre no debe ser vista como antiestadounidense, sino como \u201cuna cumbre por una alternativa en el mundo\u201d.<\/p>\n<p>El evento tambi\u00e9n se desarroll\u00f3 en paralelo al foro Global Progressive Mobilisation (GPM), un encuentro de fuerzas de izquierda, movimientos sindicales y pensadores. En la sesi\u00f3n de clausura del s\u00e1bado intervinieron S\u00e1nchez, quien tambi\u00e9n preside la Internacional Socialista, y el presidente brasile\u00f1o Luiz In\u00e1cio Lula da Silva.<\/p>\n<p>Con su participaci\u00f3n en estas reuniones, el jefe del gobierno espa\u00f1ol refuerza su oposici\u00f3n a las pol\u00edticas del presidente estadounidense Donald Trump y a las acciones del primer ministro israel\u00ed Benjamin Netanyahu.<\/p>\n","protected":false},"excerpt":{"rendered":"<p>La presidenta de M\u00e9xico, Claudia Sheinbaum, particip\u00f3 este s\u00e1bado en la IV Reuni\u00f3n en Defensa de la Democracia en Barcelona, Espa\u00f1a, donde anunci\u00f3 que su&hellip;<\/p>\n","protected":false},"author":2,"featured_media":1209,"comment_status":"open","ping_status":"open","sticky":false,"template":"","format":"standard","meta":{"footnotes":""},"categories":[53,252],"tags":[698,13,994,1004,650],"class_list":["post-1208","post","type-post","status-publish","format-standard","has-post-thumbnail","hentry","category-agenda-internacional","category-agenda-nacional","tag-barcelona","tag-claudia-sheinbaum","tag-cumbre","tag-democracia","tag-espana"],"_links":{"self":[{"href":"https:\/\/eldiariorepublicamx.com\/index.php?rest_route=\/wp\/v2\/posts\/1208","targetHints":{"allow":["GET"]}}],"collection":[{"href":"https:\/\/eldiariorepublicamx.com\/index.php?rest_route=\/wp\/v2\/posts"}],"about":[{"href":"https:\/\/eldiariorepublicamx.com\/index.php?rest_route=\/wp\/v2\/types\/post"}],"author":[{"embeddable":true,"href":"https:\/\/eldiariorepublicamx.com\/index.php?rest_route=\/wp\/v2\/users\/2"}],"replies":[{"embeddable":true,"href":"https:\/\/eldiariorepublicamx.com\/index.php?rest_route=%2Fwp%2Fv2%2Fcomments&post=1208"}],"version-history":[{"count":0,"href":"https:\/\/eldiariorepublicamx.com\/index.php?rest_route=\/wp\/v2\/posts\/1208\/revisions"}],"wp:featuredmedia":[{"embeddable":true,"href":"https:\/\/eldiariorepublicamx.com\/index.php?rest_route=\/wp\/v2\/media\/1209"}],"wp:attachment":[{"href":"https:\/\/eldiariorepublicamx.com\/index.php?rest_route=%2Fwp%2Fv2%2Fmedia&parent=1208"}],"wp:term":[{"taxonomy":"category","embeddable":true,"href":"https:\/\/eldiariorepublicamx.com\/index.php?rest_route=%2Fwp%2Fv2%2Fcategories&post=1208"},{"taxonomy":"post_tag","embeddable":true,"href":"https:\/\/eldiariorepublicamx.com\/index.php?rest_route=%2Fwp%2Fv2%2Ftags&post=1208"}],"curies":[{"name":"wp","href":"https:\/\/api.w.org\/{rel}","templated":true}]}}