{"id":1206,"date":"2026-04-18T10:27:45","date_gmt":"2026-04-18T16:27:45","guid":{"rendered":"https:\/\/eldiariorepublicamx.com\/?p=1206"},"modified":"2026-04-18T10:27:45","modified_gmt":"2026-04-18T16:27:45","slug":"celine-dion-estrena-sencillo-original-en-frances-tras-prolongada-ausencia-musical","status":"publish","type":"post","link":"https:\/\/eldiariorepublicamx.com\/?p=1206","title":{"rendered":"C\u00e9line Dion estrena sencillo original en franc\u00e9s tras prolongada ausencia musical"},"content":{"rendered":"<p>La cantante C\u00e9line Dion present\u00f3 este viernes su nuevo tema &#8220;Dansons&#8221;, su primera canci\u00f3n original en varios a\u00f1os, marcando un significativo reencuentro creativo y el anuncio de su regreso a los escenarios para 2026.<\/p>\n<h3>Colaboraci\u00f3n con un hist\u00f3rico compositor<\/h3>\n<p>El sencillo fue escrito por el reconocido compositor Jean-Jacques Goldman, con quien la artista canadiense ha colaborado en m\u00faltiples ocasiones, incluyendo el exitoso \u00e1lbum &#8220;D&#8217;eux&#8221; de 1995 y la canci\u00f3n &#8220;Encore un soir&#8221; de 2016. Con este lanzamiento, Dion retorna al franc\u00e9s, idioma que defini\u00f3 los inicios de su trayectoria art\u00edstica.<\/p>\n<h3>El significado y producci\u00f3n del nuevo tema<\/h3>\n<p>Jean-Jacques Goldman explic\u00f3 que la canci\u00f3n, aunque concebida en 2020 durante el confinamiento por la pandemia, mantiene plena vigencia. &#8220;Seis a\u00f1os despu\u00e9s, ya no hay virus, pero no hace falta cambiar ni una palabra: el mundo no gira mejor y seguimos bailando &#8216;al borde de los abismos'&#8221;, se\u00f1al\u00f3 el compositor.<\/p>\n<p>&#8220;Dansons&#8221; se caracteriza por una mezcla de elegancia, optimismo y profundidad emocional, junto con una actitud rebelde frente a la inestabilidad y una celebraci\u00f3n de la conexi\u00f3n humana a trav\u00e9s de la m\u00fasica.<\/p>\n<h3>Video musical y detalles del regreso esc\u00e9nico<\/h3>\n<p>Como parte de la promoci\u00f3n, la canci\u00f3n cuenta con un videoclip dirigido por Maxime Allouche, filmado en las calles de Par\u00eds, donde se muestran diversas parejas bailando y abraz\u00e1ndose. Participan artistas como la bailarina Victoria Dauberville, el violinista Esther Abrami, la comediante Lola Dubini y la joven int\u00e9rprete Oria.<\/p>\n<p>Este lanzamiento precede al esperado retorno de C\u00e9line Dion a los escenarios, que se materializar\u00e1 en una residencia de cinco semanas en el Paris La D\u00e9fense Arena. La cantante ofrecer\u00e1 diecis\u00e9is presentaciones entre septiembre y octubre de 2026.<\/p>\n","protected":false},"excerpt":{"rendered":"<p>La cantante C\u00e9line Dion present\u00f3 este viernes su nuevo tema &#8220;Dansons&#8221;, su primera canci\u00f3n original en varios a\u00f1os, marcando un significativo reencuentro creativo y el&hellip;<\/p>\n","protected":false},"author":2,"featured_media":1207,"comment_status":"open","ping_status":"open","sticky":false,"template":"","format":"standard","meta":{"footnotes":""},"categories":[290],"tags":[611,1001,1002,488,1003],"class_list":["post-1206","post","type-post","status-publish","format-standard","has-post-thumbnail","hentry","category-sociedad-y-cultura","tag-cantante","tag-celine-dion","tag-dansons","tag-musica","tag-regreso"],"_links":{"self":[{"href":"https:\/\/eldiariorepublicamx.com\/index.php?rest_route=\/wp\/v2\/posts\/1206","targetHints":{"allow":["GET"]}}],"collection":[{"href":"https:\/\/eldiariorepublicamx.com\/index.php?rest_route=\/wp\/v2\/posts"}],"about":[{"href":"https:\/\/eldiariorepublicamx.com\/index.php?rest_route=\/wp\/v2\/types\/post"}],"author":[{"embeddable":true,"href":"https:\/\/eldiariorepublicamx.com\/index.php?rest_route=\/wp\/v2\/users\/2"}],"replies":[{"embeddable":true,"href":"https:\/\/eldiariorepublicamx.com\/index.php?rest_route=%2Fwp%2Fv2%2Fcomments&post=1206"}],"version-history":[{"count":0,"href":"https:\/\/eldiariorepublicamx.com\/index.php?rest_route=\/wp\/v2\/posts\/1206\/revisions"}],"wp:featuredmedia":[{"embeddable":true,"href":"https:\/\/eldiariorepublicamx.com\/index.php?rest_route=\/wp\/v2\/media\/1207"}],"wp:attachment":[{"href":"https:\/\/eldiariorepublicamx.com\/index.php?rest_route=%2Fwp%2Fv2%2Fmedia&parent=1206"}],"wp:term":[{"taxonomy":"category","embeddable":true,"href":"https:\/\/eldiariorepublicamx.com\/index.php?rest_route=%2Fwp%2Fv2%2Fcategories&post=1206"},{"taxonomy":"post_tag","embeddable":true,"href":"https:\/\/eldiariorepublicamx.com\/index.php?rest_route=%2Fwp%2Fv2%2Ftags&post=1206"}],"curies":[{"name":"wp","href":"https:\/\/api.w.org\/{rel}","templated":true}]}}