{"id":1204,"date":"2026-04-18T10:27:45","date_gmt":"2026-04-18T16:27:45","guid":{"rendered":"https:\/\/eldiariorepublicamx.com\/?p=1204"},"modified":"2026-04-18T10:27:45","modified_gmt":"2026-04-18T16:27:45","slug":"trilogia-cinematografica-el-senor-de-los-anillos-regresa-a-las-salas-en-version-extendida","status":"publish","type":"post","link":"https:\/\/eldiariorepublicamx.com\/?p=1204","title":{"rendered":"Trilog\u00eda cinematogr\u00e1fica &#8216;El Se\u00f1or de los Anillos&#8217; regresa a las salas en versi\u00f3n extendida"},"content":{"rendered":"<p>La legendaria saga f\u00edlmica &#8216;El Se\u00f1or de los Anillos&#8217;, dirigida por Peter Jackson, volver\u00e1 a exhibirse en cines de Espa\u00f1a en un ciclo especial durante el pr\u00f3ximo mes de mayo. Este reestreno permitir\u00e1 a los espectadores disfrutar de las versiones extendidas de las tres pel\u00edculas que componen la trilog\u00eda \u00e9pica.<\/p>\n<h3>Calendario de las proyecciones<\/h3>\n<p>Las funciones se distribuir\u00e1n a lo largo de varias semanas. &#8216;El se\u00f1or de los anillos: La comunidad del anillo&#8217; iniciar\u00e1 su proyecci\u00f3n el viernes 15 de mayo y permanecer\u00e1 en cartelera hasta el jueves 21 del mismo mes. La segunda entrega, &#8216;El se\u00f1or de los anillos: Las dos torres&#8217;, se proyectar\u00e1 desde el viernes 22 hasta el jueves 28 de mayo. Finalmente, &#8216;El se\u00f1or de los anillos: El retorno del rey&#8217; cerrar\u00e1 el ciclo desde el viernes 29 de mayo hasta el jueves 4 de junio.<\/p>\n<p>Este evento cinematogr\u00e1fico est\u00e1 dirigido tanto a quienes vivieron el estreno original a principios de la d\u00e9cada de 2000 como a nuevas generaciones de aficionados. La oportunidad de experimentar estas pel\u00edculas en pantalla grande con calidad de sonido envolvente es destacada como el formato ideal para una saga concebida como un espect\u00e1culo visual y auditivo.<\/p>\n<h3>Caracter\u00edsticas de las proyecciones<\/h3>\n<p>Las versiones extendidas que se proyectar\u00e1n tienen una duraci\u00f3n considerable. La primera pel\u00edcula tiene una duraci\u00f3n de 3 horas y 32 minutos, la segunda de 3 horas y 47 minutos, y la tercera, &#8216;El retorno del rey&#8217;, se extiende por 4 horas y 13 minutos.<\/p>\n<p>La disponibilidad de las funciones deber\u00e1 consultarse en las salas de cine locales, aunque se menciona que cadenas como Cinesa y Kinepolis participar\u00e1n en el evento. Se anticipa que otras salas se sumar\u00e1n a esta iniciativa limitada.<\/p>\n<h3>Alternativas para verla en casa<\/h3>\n<p>Para quienes prefieran ver las pel\u00edculas desde casa, existen opciones en diversos formatos. Se mencionan las ediciones en Blu-Ray 4K UHD, lanzadas hace algunos a\u00f1os, que ofrecen una remasterizaci\u00f3n con calidad de imagen notable en primeros planos y sonido Dolby Atmos en ingl\u00e9s. Tambi\u00e9n est\u00e1n disponibles en plataformas de streaming como Netflix, Prime Video y HBO Max, aunque se se\u00f1ala que la calidad de visualizaci\u00f3n en estos servicios puede no igualar la experiencia cinematogr\u00e1fica.<\/p>\n","protected":false},"excerpt":{"rendered":"<p>La legendaria saga f\u00edlmica &#8216;El Se\u00f1or de los Anillos&#8217;, dirigida por Peter Jackson, volver\u00e1 a exhibirse en cines de Espa\u00f1a en un ciclo especial durante&hellip;<\/p>\n","protected":false},"author":2,"featured_media":1205,"comment_status":"open","ping_status":"open","sticky":false,"template":"","format":"standard","meta":{"footnotes":""},"categories":[290],"tags":[704,998,650,999,1000],"class_list":["post-1204","post","type-post","status-publish","format-standard","has-post-thumbnail","hentry","category-sociedad-y-cultura","tag-cine","tag-el-senor-de-los-anillos","tag-espana","tag-reestreno","tag-trilogia"],"_links":{"self":[{"href":"https:\/\/eldiariorepublicamx.com\/index.php?rest_route=\/wp\/v2\/posts\/1204","targetHints":{"allow":["GET"]}}],"collection":[{"href":"https:\/\/eldiariorepublicamx.com\/index.php?rest_route=\/wp\/v2\/posts"}],"about":[{"href":"https:\/\/eldiariorepublicamx.com\/index.php?rest_route=\/wp\/v2\/types\/post"}],"author":[{"embeddable":true,"href":"https:\/\/eldiariorepublicamx.com\/index.php?rest_route=\/wp\/v2\/users\/2"}],"replies":[{"embeddable":true,"href":"https:\/\/eldiariorepublicamx.com\/index.php?rest_route=%2Fwp%2Fv2%2Fcomments&post=1204"}],"version-history":[{"count":0,"href":"https:\/\/eldiariorepublicamx.com\/index.php?rest_route=\/wp\/v2\/posts\/1204\/revisions"}],"wp:featuredmedia":[{"embeddable":true,"href":"https:\/\/eldiariorepublicamx.com\/index.php?rest_route=\/wp\/v2\/media\/1205"}],"wp:attachment":[{"href":"https:\/\/eldiariorepublicamx.com\/index.php?rest_route=%2Fwp%2Fv2%2Fmedia&parent=1204"}],"wp:term":[{"taxonomy":"category","embeddable":true,"href":"https:\/\/eldiariorepublicamx.com\/index.php?rest_route=%2Fwp%2Fv2%2Fcategories&post=1204"},{"taxonomy":"post_tag","embeddable":true,"href":"https:\/\/eldiariorepublicamx.com\/index.php?rest_route=%2Fwp%2Fv2%2Ftags&post=1204"}],"curies":[{"name":"wp","href":"https:\/\/api.w.org\/{rel}","templated":true}]}}