{"id":120,"date":"2026-03-20T12:35:06","date_gmt":"2026-03-20T18:35:06","guid":{"rendered":"https:\/\/eldiariorepublicamx.com\/?p=120"},"modified":"2026-03-20T12:35:06","modified_gmt":"2026-03-20T18:35:06","slug":"corte-programado-de-agua-en-sectores-de-la-ciudad-por-trabajos-de-conexion-a-red-potable","status":"publish","type":"post","link":"https:\/\/eldiariorepublicamx.com\/?p=120","title":{"rendered":"Corte programado de agua en sectores de la ciudad por trabajos de conexi\u00f3n a red potable"},"content":{"rendered":"<p>La Junta Municipal de Agua y Saneamiento (JMAS) inform\u00f3 sobre un corte programado del suministro de agua potable para este viernes, derivado de obras de conexi\u00f3n de un nuevo fraccionamiento a la red general. Los trabajos se llevar\u00e1n a cabo entre las 9:00 y las 16:00 horas en el carril derecho, con direcci\u00f3n de sur a norte sobre la calle Bulgaria.<\/p>\n<h3>\u00c1reas afectadas y recomendaciones<\/h3>\n<p>Como consecuencia de los trabajos, el servicio se interrumpir\u00e1 en el fraccionamiento Infonavit Oasis y en zonas aleda\u00f1as. La dependencia exhort\u00f3 a los habitantes de estos sectores a almacenar agua con anticipaci\u00f3n para cubrir sus necesidades m\u00e1s urgentes durante el periodo de suspensi\u00f3n.<\/p>\n<p>Adem\u00e1s, se hizo un llamado a los conductores que transitan por la zona para que manejen con precauci\u00f3n o utilicen rutas alternas mientras se realizan los trabajos, con el fin de evitar contratiempos viales.<\/p>\n","protected":false},"excerpt":{"rendered":"<p>La Junta Municipal de Agua y Saneamiento (JMAS) inform\u00f3 sobre un corte programado del suministro de agua potable para este viernes, derivado de obras de&hellip;<\/p>\n","protected":false},"author":2,"featured_media":121,"comment_status":"open","ping_status":"open","sticky":false,"template":"","format":"standard","meta":{"footnotes":""},"categories":[52],"tags":[181,177,179,178,180],"class_list":["post-120","post","type-post","status-publish","format-standard","has-post-thumbnail","hentry","category-economia","tag-almacenamiento-de-agua","tag-corte-de-agua","tag-infonavit-oasis","tag-jmas","tag-obras-de-agua-potable"],"_links":{"self":[{"href":"https:\/\/eldiariorepublicamx.com\/index.php?rest_route=\/wp\/v2\/posts\/120","targetHints":{"allow":["GET"]}}],"collection":[{"href":"https:\/\/eldiariorepublicamx.com\/index.php?rest_route=\/wp\/v2\/posts"}],"about":[{"href":"https:\/\/eldiariorepublicamx.com\/index.php?rest_route=\/wp\/v2\/types\/post"}],"author":[{"embeddable":true,"href":"https:\/\/eldiariorepublicamx.com\/index.php?rest_route=\/wp\/v2\/users\/2"}],"replies":[{"embeddable":true,"href":"https:\/\/eldiariorepublicamx.com\/index.php?rest_route=%2Fwp%2Fv2%2Fcomments&post=120"}],"version-history":[{"count":0,"href":"https:\/\/eldiariorepublicamx.com\/index.php?rest_route=\/wp\/v2\/posts\/120\/revisions"}],"wp:featuredmedia":[{"embeddable":true,"href":"https:\/\/eldiariorepublicamx.com\/index.php?rest_route=\/wp\/v2\/media\/121"}],"wp:attachment":[{"href":"https:\/\/eldiariorepublicamx.com\/index.php?rest_route=%2Fwp%2Fv2%2Fmedia&parent=120"}],"wp:term":[{"taxonomy":"category","embeddable":true,"href":"https:\/\/eldiariorepublicamx.com\/index.php?rest_route=%2Fwp%2Fv2%2Fcategories&post=120"},{"taxonomy":"post_tag","embeddable":true,"href":"https:\/\/eldiariorepublicamx.com\/index.php?rest_route=%2Fwp%2Fv2%2Ftags&post=120"}],"curies":[{"name":"wp","href":"https:\/\/api.w.org\/{rel}","templated":true}]}}