{"id":1199,"date":"2026-04-17T16:07:56","date_gmt":"2026-04-17T22:07:56","guid":{"rendered":"https:\/\/eldiariorepublicamx.com\/?p=1199"},"modified":"2026-04-17T16:07:56","modified_gmt":"2026-04-17T22:07:56","slug":"nuestra-presidenta-en-el-mundo-sheinbaum-llega-a-barcelona-y-los-mexicanos-en-europa-la-reciben-como-en-casa","status":"publish","type":"post","link":"https:\/\/eldiariorepublicamx.com\/?p=1199","title":{"rendered":"\u00a0Nuestra presidenta en el mundo: Sheinbaum llega a Barcelona y los mexicanos en Europa la reciben como en casa"},"content":{"rendered":"\n<p>Nuestra presidenta Claudia Sheinbaum arrib\u00f3 a <strong>Barcelona<\/strong> y el recibimiento fue una fiesta: mexicanos desde <strong>Madrid, Valencia, Andaluc\u00eda, Par\u00eds y Toulouse<\/strong> viajaron para estar ah\u00ed.&nbsp;<\/p>\n\n\n\n<p><strong>\u00bfPor qu\u00e9 es importante este viaje?<\/strong><\/p>\n\n\n\n<p>Porque Claudia Sheinbaum est\u00e1 donde est\u00e1n los l\u00edderes que mueven al mundo. La <strong>IV Cumbre en Defensa de la Democracia<\/strong> re\u00fane a m\u00e1s de 20 jefes de Estado en la <strong>Fira de Barcelona<\/strong> con un objetivo com\u00fan: defender las instituciones, combatir la desinformaci\u00f3n y luchar contra la desigualdad. M\u00e9xico no va a escuchar, va a poner el ejemplo. El mensaje de nuestra presidenta es claro: <em>&#8220;por el bien de todos, primero los pobres&#8221;<\/em>.<\/p>\n\n\n\n<p><strong>\u00bfCon qui\u00e9nes se sienta nuestra presidenta?<\/strong>&nbsp;<\/p>\n\n\n\n<p>Con los grandes: <strong>Lula da Silva<\/strong> de Brasil, <strong>Gustavo Petro<\/strong> de Colombia, <strong>Yamand\u00fa Orsi<\/strong> de Uruguay y <strong>Mia Mottley<\/strong> de Barbados. L\u00edderes progresistas que comparten la misma visi\u00f3n, que los gobiernos existen para servir a la gente, no a los mercados.&nbsp;<\/p>\n\n\n\n<p>Y antes de la cumbre, nuestra presidenta tuvo un momento con la <strong>comunidad mexicana residente en Espa\u00f1a<\/strong>: las familias que viven lejos pero que nunca han dejado de ser parte de este pa\u00eds.<\/p>\n\n\n\n<p><strong>\u00bfQu\u00e9 m\u00e1s contempla la visita?<\/strong>&nbsp;<\/p>\n\n\n\n<p>El domingo nuestra presidenta visita el <strong>Centro Nacional de Supercomputaci\u00f3n de Barcelona<\/strong>, con el que M\u00e9xico tiene un convenio de cooperaci\u00f3n en <strong>gesti\u00f3n del agua<\/strong>. Esa misma noche regresa a M\u00e9xico, al pa\u00eds que la espera.<\/p>\n","protected":false},"excerpt":{"rendered":"<p>Nuestra presidenta Claudia Sheinbaum arrib\u00f3 a Barcelona y el recibimiento fue una fiesta: mexicanos desde Madrid, Valencia, Andaluc\u00eda, Par\u00eds y Toulouse viajaron para estar ah\u00ed.&nbsp;&hellip;<\/p>\n","protected":false},"author":5,"featured_media":1200,"comment_status":"open","ping_status":"open","sticky":false,"template":"","format":"standard","meta":{"footnotes":""},"categories":[252],"tags":[13,96,45,120],"class_list":["post-1199","post","type-post","status-publish","format-standard","has-post-thumbnail","hentry","category-agenda-nacional","tag-claudia-sheinbaum","tag-gobierno-federal","tag-mexico","tag-mundial-2026"],"_links":{"self":[{"href":"https:\/\/eldiariorepublicamx.com\/index.php?rest_route=\/wp\/v2\/posts\/1199","targetHints":{"allow":["GET"]}}],"collection":[{"href":"https:\/\/eldiariorepublicamx.com\/index.php?rest_route=\/wp\/v2\/posts"}],"about":[{"href":"https:\/\/eldiariorepublicamx.com\/index.php?rest_route=\/wp\/v2\/types\/post"}],"author":[{"embeddable":true,"href":"https:\/\/eldiariorepublicamx.com\/index.php?rest_route=\/wp\/v2\/users\/5"}],"replies":[{"embeddable":true,"href":"https:\/\/eldiariorepublicamx.com\/index.php?rest_route=%2Fwp%2Fv2%2Fcomments&post=1199"}],"version-history":[{"count":1,"href":"https:\/\/eldiariorepublicamx.com\/index.php?rest_route=\/wp\/v2\/posts\/1199\/revisions"}],"predecessor-version":[{"id":1201,"href":"https:\/\/eldiariorepublicamx.com\/index.php?rest_route=\/wp\/v2\/posts\/1199\/revisions\/1201"}],"wp:featuredmedia":[{"embeddable":true,"href":"https:\/\/eldiariorepublicamx.com\/index.php?rest_route=\/wp\/v2\/media\/1200"}],"wp:attachment":[{"href":"https:\/\/eldiariorepublicamx.com\/index.php?rest_route=%2Fwp%2Fv2%2Fmedia&parent=1199"}],"wp:term":[{"taxonomy":"category","embeddable":true,"href":"https:\/\/eldiariorepublicamx.com\/index.php?rest_route=%2Fwp%2Fv2%2Fcategories&post=1199"},{"taxonomy":"post_tag","embeddable":true,"href":"https:\/\/eldiariorepublicamx.com\/index.php?rest_route=%2Fwp%2Fv2%2Ftags&post=1199"}],"curies":[{"name":"wp","href":"https:\/\/api.w.org\/{rel}","templated":true}]}}