{"id":1196,"date":"2026-04-17T16:04:25","date_gmt":"2026-04-17T22:04:25","guid":{"rendered":"https:\/\/eldiariorepublicamx.com\/?p=1196"},"modified":"2026-04-17T16:04:25","modified_gmt":"2026-04-17T22:04:25","slug":"la-canasta-basica-se-queda-en-910-pesos-y-el-jitomate-va-a-bajar-lo-que-el-acuerdo-de-sheinbaum-significa-para-tu-compra-semanal","status":"publish","type":"post","link":"https:\/\/eldiariorepublicamx.com\/?p=1196","title":{"rendered":"La canasta b\u00e1sica se queda en 910 pesos y el jitomate va a bajar: lo que el acuerdo de Sheinbaum significa para tu compra semanal"},"content":{"rendered":"\n<p>Tu compra semanal no subir\u00e1, porque nuestra presidenta Claudia Sheinbaum firm\u00f3 un acuerdo con productores y tiendas de autoservicio para mantener en <strong>910 pesos<\/strong> la canasta b\u00e1sica de 24 productos por seis meses m\u00e1s, como parte de la renovaci\u00f3n del Paquete Contra la Inflaci\u00f3n y la Carest\u00eda (PACIC).<\/p>\n\n\n\n<p><strong>\u00bfQu\u00e9 significa esto para tu compra semanal?<\/strong>&nbsp;<\/p>\n\n\n\n<p>Que los 24 productos b\u00e1sicos de la canasta no van a subir de precio en M\u00e9xico. Hoy esa canasta promedia <strong>844 pesos<\/strong>, por debajo del tope de 910 pesos fijado por el gobierno. Adem\u00e1s, a partir de ahora estar\u00e1n se\u00f1alizados en los supermercados para que los identifiques f\u00e1cil cuando vayas al mandado y puedas armar tu canasta b\u00e1sica semanal sin tener que adivinar cu\u00e1les son.<\/p>\n\n\n\n<p><strong>\u00bfCu\u00e1l es el precio del jitomate en M\u00e9xico hoy?<\/strong>&nbsp;<\/p>\n\n\n\n<p><strong>Todos los comercializadores se comprometieron a reducir el precio del jitomate<\/strong>, que hab\u00eda subido en las \u00faltimas semanas. SuKarne tambi\u00e9n confirm\u00f3 una reducci\u00f3n del <strong>5%<\/strong> en el precio del bistec de res.<\/p>\n\n\n\n<p><strong>\u00bfCu\u00e1nto cuesta la tortilla en M\u00e9xico hoy y va a subir?<\/strong>&nbsp;<\/p>\n\n\n\n<p>No. Los tortilleros garantizaron que<strong> no habr\u00e1 aumento en el precio de la tortilla<\/strong>. El precio se mantiene en <strong>24.27 pesos el kilo en tortiller\u00edas<\/strong> y alrededor de <strong>13.90 pesos en tiendas de autoservicio<\/strong>. El \u00fanico punto de tensi\u00f3n es Maseca, que subi\u00f3 el precio de su harina nixtamalizada sin justificaci\u00f3n mientras el ma\u00edz est\u00e1 barato. Los propios tortilleros la recriminaron. Sheinbaum se re\u00fane con la empresa la pr\u00f3xima semana para resolverlo.<\/p>\n","protected":false},"excerpt":{"rendered":"<p>Tu compra semanal no subir\u00e1, porque nuestra presidenta Claudia Sheinbaum firm\u00f3 un acuerdo con productores y tiendas de autoservicio para mantener en 910 pesos la&hellip;<\/p>\n","protected":false},"author":5,"featured_media":1197,"comment_status":"open","ping_status":"open","sticky":false,"template":"","format":"standard","meta":{"footnotes":""},"categories":[251],"tags":[13,96,45,18],"class_list":["post-1196","post","type-post","status-publish","format-standard","has-post-thumbnail","hentry","category-la-mananera-en-breve","tag-claudia-sheinbaum","tag-gobierno-federal","tag-mexico","tag-morena"],"_links":{"self":[{"href":"https:\/\/eldiariorepublicamx.com\/index.php?rest_route=\/wp\/v2\/posts\/1196","targetHints":{"allow":["GET"]}}],"collection":[{"href":"https:\/\/eldiariorepublicamx.com\/index.php?rest_route=\/wp\/v2\/posts"}],"about":[{"href":"https:\/\/eldiariorepublicamx.com\/index.php?rest_route=\/wp\/v2\/types\/post"}],"author":[{"embeddable":true,"href":"https:\/\/eldiariorepublicamx.com\/index.php?rest_route=\/wp\/v2\/users\/5"}],"replies":[{"embeddable":true,"href":"https:\/\/eldiariorepublicamx.com\/index.php?rest_route=%2Fwp%2Fv2%2Fcomments&post=1196"}],"version-history":[{"count":1,"href":"https:\/\/eldiariorepublicamx.com\/index.php?rest_route=\/wp\/v2\/posts\/1196\/revisions"}],"predecessor-version":[{"id":1198,"href":"https:\/\/eldiariorepublicamx.com\/index.php?rest_route=\/wp\/v2\/posts\/1196\/revisions\/1198"}],"wp:featuredmedia":[{"embeddable":true,"href":"https:\/\/eldiariorepublicamx.com\/index.php?rest_route=\/wp\/v2\/media\/1197"}],"wp:attachment":[{"href":"https:\/\/eldiariorepublicamx.com\/index.php?rest_route=%2Fwp%2Fv2%2Fmedia&parent=1196"}],"wp:term":[{"taxonomy":"category","embeddable":true,"href":"https:\/\/eldiariorepublicamx.com\/index.php?rest_route=%2Fwp%2Fv2%2Fcategories&post=1196"},{"taxonomy":"post_tag","embeddable":true,"href":"https:\/\/eldiariorepublicamx.com\/index.php?rest_route=%2Fwp%2Fv2%2Ftags&post=1196"}],"curies":[{"name":"wp","href":"https:\/\/api.w.org\/{rel}","templated":true}]}}