{"id":1188,"date":"2026-04-17T10:27:23","date_gmt":"2026-04-17T16:27:23","guid":{"rendered":"https:\/\/eldiariorepublicamx.com\/?p=1188"},"modified":"2026-04-17T12:48:28","modified_gmt":"2026-04-17T18:48:28","slug":"la-secretaria-de-gobernacion-dirige-la-conferencia-matutina-mientras-presidenta-sheinbaum-asiste-a-cumbre-en-espana","status":"publish","type":"post","link":"https:\/\/eldiariorepublicamx.com\/?p=1188","title":{"rendered":"La secretaria de Gobernaci\u00f3n dirige la conferencia matutina mientras presidenta Sheinbaum asiste a cumbre en Espa\u00f1a"},"content":{"rendered":"<p>Este viernes 17 de abril de 2026, la secretaria de Gobernaci\u00f3n, Rosa Icela Rodr\u00edguez, condujo la conferencia de prensa matutina desde el Sal\u00f3n de la Tesorer\u00eda, en ausencia de la presidenta Claudia Sheinbaum, quien se encuentra en Barcelona, Espa\u00f1a, para participar en la IV Cumbre en Defensa de la Democracia, invitada por el presidente espa\u00f1ol Pedro S\u00e1nchez.<\/p>\n<h3>Anuncios de obra p\u00fablica y agenda internacional<\/h3>\n<p>Durante la reuni\u00f3n, Rodr\u00edguez Vel\u00e1zquez confirm\u00f3 que la inauguraci\u00f3n del Tren Lecher\u00eda-AIFA est\u00e1 programada para el pr\u00f3ximo fin de semana, indicando que el encargado del proyecto, Andr\u00e9s Lajous, inform\u00f3 que no era necesario confirmar con la presidenta Sheinbaum, quien se encuentra fuera del pa\u00eds.<\/p>\n<p>En otro tema de la agenda nacional, la titular de Gobernaci\u00f3n mencion\u00f3 que el gobierno mexicano se prepara para recibir la pr\u00f3xima semana al alto comisionado de Naciones Unidas para los Derechos Humanos, Volker T\u00fcrk, con quien compartir\u00e1 informaci\u00f3n sobre desapariciones forzadas en el pa\u00eds.<\/p>\n<h3>Investigaciones en curso y contexto de la reuni\u00f3n<\/h3>\n<p>Respecto al incidente ambiental reportado el d\u00eda anterior, la funcionaria se\u00f1al\u00f3 que contin\u00faan las investigaciones para determinar las causas y responsabilidades del derrame de petr\u00f3leo ocurrido en la refiner\u00eda Olmeca en Tabasco, confirmando que Petr\u00f3leos Mexicanos ha admitido que la fuga provino de sus ductos.<\/p>\n<p>La conferencia, denominada &#8216;La Ma\u00f1anera del Pueblo&#8217;, inici\u00f3 a las 7:30 horas y adopt\u00f3 un formato de di\u00e1logo circular debido a la ausencia de la mandataria, quien se encuentra en el extranjero en una misi\u00f3n diplom\u00e1tica centrada en fortalecer el multilateralismo y combatir la desinformaci\u00f3n a nivel global.<\/p>\n","protected":false},"excerpt":{"rendered":"<p>Este viernes 17 de abril de 2026, la secretaria de Gobernaci\u00f3n, Rosa Icela Rodr\u00edguez, condujo la conferencia de prensa matutina desde el Sal\u00f3n de la&hellip;<\/p>\n","protected":false},"author":2,"featured_media":1192,"comment_status":"open","ping_status":"open","sticky":false,"template":"","format":"standard","meta":{"footnotes":""},"categories":[251],"tags":[698,13,994,404,19],"class_list":["post-1188","post","type-post","status-publish","format-standard","has-post-thumbnail","hentry","category-la-mananera-en-breve","tag-barcelona","tag-claudia-sheinbaum","tag-cumbre","tag-mananera","tag-rosa-icela-rodriguez"],"_links":{"self":[{"href":"https:\/\/eldiariorepublicamx.com\/index.php?rest_route=\/wp\/v2\/posts\/1188","targetHints":{"allow":["GET"]}}],"collection":[{"href":"https:\/\/eldiariorepublicamx.com\/index.php?rest_route=\/wp\/v2\/posts"}],"about":[{"href":"https:\/\/eldiariorepublicamx.com\/index.php?rest_route=\/wp\/v2\/types\/post"}],"author":[{"embeddable":true,"href":"https:\/\/eldiariorepublicamx.com\/index.php?rest_route=\/wp\/v2\/users\/2"}],"replies":[{"embeddable":true,"href":"https:\/\/eldiariorepublicamx.com\/index.php?rest_route=%2Fwp%2Fv2%2Fcomments&post=1188"}],"version-history":[{"count":1,"href":"https:\/\/eldiariorepublicamx.com\/index.php?rest_route=\/wp\/v2\/posts\/1188\/revisions"}],"predecessor-version":[{"id":1190,"href":"https:\/\/eldiariorepublicamx.com\/index.php?rest_route=\/wp\/v2\/posts\/1188\/revisions\/1190"}],"wp:featuredmedia":[{"embeddable":true,"href":"https:\/\/eldiariorepublicamx.com\/index.php?rest_route=\/wp\/v2\/media\/1192"}],"wp:attachment":[{"href":"https:\/\/eldiariorepublicamx.com\/index.php?rest_route=%2Fwp%2Fv2%2Fmedia&parent=1188"}],"wp:term":[{"taxonomy":"category","embeddable":true,"href":"https:\/\/eldiariorepublicamx.com\/index.php?rest_route=%2Fwp%2Fv2%2Fcategories&post=1188"},{"taxonomy":"post_tag","embeddable":true,"href":"https:\/\/eldiariorepublicamx.com\/index.php?rest_route=%2Fwp%2Fv2%2Ftags&post=1188"}],"curies":[{"name":"wp","href":"https:\/\/api.w.org\/{rel}","templated":true}]}}