{"id":1186,"date":"2026-04-17T10:27:23","date_gmt":"2026-04-17T16:27:23","guid":{"rendered":"https:\/\/eldiariorepublicamx.com\/?p=1186"},"modified":"2026-04-17T10:27:23","modified_gmt":"2026-04-17T16:27:23","slug":"rodriguez-encabeza-conferencia-matutina-y-explica-agenda-legislativa-mientras-sheinbaum-participa-en-cumbre-internacional","status":"publish","type":"post","link":"https:\/\/eldiariorepublicamx.com\/?p=1186","title":{"rendered":"Rodr\u00edguez encabeza conferencia matutina y explica agenda legislativa mientras Sheinbaum participa en cumbre internacional"},"content":{"rendered":"<p>La secretaria de Gobernaci\u00f3n, Rosa Icela Rodr\u00edguez, condujo la conferencia de prensa matutina este jueves en ausencia de la presidenta Claudia Sheinbaum, quien se encuentra en viaje oficial a Espa\u00f1a para participar en la IV Cumbre en Defensa de la Democracia.<\/p>\n<h3>Raz\u00f3n de la ausencia presidencial<\/h3>\n<p>Durante la sesi\u00f3n informativa, Rodr\u00edguez detall\u00f3 que Sheinbaum no asisti\u00f3 debido a que inici\u00f3 su traslado a Barcelona el mi\u00e9rcoles 16 de abril, tras haber notificado formalmente su salida del territorio nacional a la Mesa Directiva del Senado, encabezada por la senadora Laura Itzel Castillo.<\/p>\n<p>La mandataria mexicana acude a este encuentro internacional por invitaci\u00f3n del presidente del gobierno espa\u00f1ol, Pedro S\u00e1nchez, y el evento congregar\u00e1 a representantes de m\u00e1s de veinte pa\u00edses, incluyendo a los presidentes de Brasil, Luiz In\u00e1cio Lula da Silva, y de Colombia, Gustavo Petro.<\/p>\n<h3>Agenda de la jornada en la ma\u00f1anera<\/h3>\n<p>La titular de Gobernaci\u00f3n adelant\u00f3 que el mensaje que llevar\u00e1 Sheinbaum a la cumbre es uno de paz, y adem\u00e1s de su intervenci\u00f3n en el foro multilateral, sostendr\u00e1 reuniones bilaterales con S\u00e1nchez y otros jefes de Estado.<\/p>\n<p>En la conferencia, Rodr\u00edguez tambi\u00e9n present\u00f3 la agenda de temas que se abordar\u00edan durante la transmisi\u00f3n, la cual incluy\u00f3 la exposici\u00f3n de la nueva Ley Federal de Cine y el Audiovisual, la Reforma a la Ley Federal de Trabajo y modificaciones a la Ley Federal de Derecho de Autor.<\/p>\n<h3>Presentaciones y secci\u00f3n cultural<\/h3>\n<p>Estas iniciativas legislativas fueron presentadas por la directora general del Instituto Nacional del Derecho de Autor (Indautor), Karina Luj\u00e1n, la directora general del Instituto Mexicano de Cinematograf\u00eda, Daniela Alatorre Benard, y la secretaria de Cultura, Claudia Curiel de Icaza.<\/p>\n<p>Como parte de la secci\u00f3n cultural, el maestro Bulmaro Ju\u00e1rez S\u00e1nchez, divulgador de lenguas ind\u00edgenas, fue el invitado para participar en la secci\u00f3n &#8220;Suave Patria&#8221;.<\/p>\n","protected":false},"excerpt":{"rendered":"<p>La secretaria de Gobernaci\u00f3n, Rosa Icela Rodr\u00edguez, condujo la conferencia de prensa matutina este jueves en ausencia de la presidenta Claudia Sheinbaum, quien se encuentra&hellip;<\/p>\n","protected":false},"author":2,"featured_media":1187,"comment_status":"open","ping_status":"open","sticky":false,"template":"","format":"standard","meta":{"footnotes":""},"categories":[251],"tags":[13,993,404,19,644],"class_list":["post-1186","post","type-post","status-publish","format-standard","has-post-thumbnail","hentry","category-la-mananera-en-breve","tag-claudia-sheinbaum","tag-cumbre-en-defensa-de-la-democracia","tag-mananera","tag-rosa-icela-rodriguez","tag-secretaria-de-gobernacion"],"_links":{"self":[{"href":"https:\/\/eldiariorepublicamx.com\/index.php?rest_route=\/wp\/v2\/posts\/1186","targetHints":{"allow":["GET"]}}],"collection":[{"href":"https:\/\/eldiariorepublicamx.com\/index.php?rest_route=\/wp\/v2\/posts"}],"about":[{"href":"https:\/\/eldiariorepublicamx.com\/index.php?rest_route=\/wp\/v2\/types\/post"}],"author":[{"embeddable":true,"href":"https:\/\/eldiariorepublicamx.com\/index.php?rest_route=\/wp\/v2\/users\/2"}],"replies":[{"embeddable":true,"href":"https:\/\/eldiariorepublicamx.com\/index.php?rest_route=%2Fwp%2Fv2%2Fcomments&post=1186"}],"version-history":[{"count":0,"href":"https:\/\/eldiariorepublicamx.com\/index.php?rest_route=\/wp\/v2\/posts\/1186\/revisions"}],"wp:featuredmedia":[{"embeddable":true,"href":"https:\/\/eldiariorepublicamx.com\/index.php?rest_route=\/wp\/v2\/media\/1187"}],"wp:attachment":[{"href":"https:\/\/eldiariorepublicamx.com\/index.php?rest_route=%2Fwp%2Fv2%2Fmedia&parent=1186"}],"wp:term":[{"taxonomy":"category","embeddable":true,"href":"https:\/\/eldiariorepublicamx.com\/index.php?rest_route=%2Fwp%2Fv2%2Fcategories&post=1186"},{"taxonomy":"post_tag","embeddable":true,"href":"https:\/\/eldiariorepublicamx.com\/index.php?rest_route=%2Fwp%2Fv2%2Ftags&post=1186"}],"curies":[{"name":"wp","href":"https:\/\/api.w.org\/{rel}","templated":true}]}}