{"id":1182,"date":"2026-04-17T10:27:20","date_gmt":"2026-04-17T16:27:20","guid":{"rendered":"https:\/\/eldiariorepublicamx.com\/?p=1182"},"modified":"2026-04-17T10:27:20","modified_gmt":"2026-04-17T16:27:20","slug":"diputada-emma-rivera-avala-disposicion-de-sheinbaum-sobre-renuncia-de-aspirantes-previo-a-eleccion-de-2027","status":"publish","type":"post","link":"https:\/\/eldiariorepublicamx.com\/?p=1182","title":{"rendered":"Diputada Emma Rivera avala disposici\u00f3n de Sheinbaum sobre renuncia de aspirantes previo a elecci\u00f3n de 2027"},"content":{"rendered":"<p>La diputada local de Morena y presidenta de la Comisi\u00f3n de Puntos Constitucionales en Michoac\u00e1n, Emma Rivera Camacho, manifest\u00f3 su apoyo total a la directriz establecida por la presidenta Claudia Sheinbaum, que exige la renuncia de quienes ocupen cargos en el Gobierno de M\u00e9xico si buscan una candidatura para el proceso electoral de 2027.<\/p>\n<h3>Congruencia con los principios de la transformaci\u00f3n<\/h3>\n<p>Rivera Camacho indic\u00f3 que esta medida, que anticipa el inicio de encuestas internas en junio, es un acto de congruencia pol\u00edtica y responsabilidad institucional, acorde con los principios del movimiento de transformaci\u00f3n. La legisladora por el distrito de Zit\u00e1cuaro recalc\u00f3 que no es solo una disposici\u00f3n pol\u00edtica, sino un criterio con fundamento en el marco jur\u00eddico actual.<\/p>\n<h3>Garant\u00eda de equidad en la contienda interna<\/h3>\n<p>Enfatiz\u00f3 que el planteamiento busca asegurar condiciones de equidad en la competencia, impidiendo cualquier ventaja injusta que pudiera surgir del ejercicio de un cargo p\u00fablico. <\/p>\n<blockquote><p>&#8220;Debe existir piso parejo para todas y todos los aspirantes; la competencia debe desarrollarse en igualdad de circunstancias&#8221;<\/p><\/blockquote>\n<p>, puntualiz\u00f3 la diputada.<\/p>\n<h3>Uso \u00e9tico de los recursos p\u00fablicos<\/h3>\n<p>Finalmente, Rivera sostuvo que el uso de los recursos p\u00fablicos debe estar dirigido exclusivamente al bienestar de la poblaci\u00f3n, por lo que consider\u00f3 indispensable que los aspirantes a participar en las elecciones de 2027 dejen sus puestos en el gobierno. Reiter\u00f3 su plena coincidencia con la presidenta Sheinbaum y afirm\u00f3 que este criterio fortalece la transparencia, la \u00e9tica p\u00fablica y la legitimidad democr\u00e1tica del proceso interno de Morena.<\/p>\n","protected":false},"excerpt":{"rendered":"<p>La diputada local de Morena y presidenta de la Comisi\u00f3n de Puntos Constitucionales en Michoac\u00e1n, Emma Rivera Camacho, manifest\u00f3 su apoyo total a la directriz&hellip;<\/p>\n","protected":false},"author":2,"featured_media":1183,"comment_status":"open","ping_status":"open","sticky":false,"template":"","format":"standard","meta":{"footnotes":""},"categories":[252],"tags":[13,131,991,18,992,578],"class_list":["post-1182","post","type-post","status-publish","format-standard","has-post-thumbnail","hentry","category-agenda-nacional","tag-claudia-sheinbaum","tag-elecciones-2027","tag-emma-rivera","tag-morena","tag-piso-parejo","tag-renuncia"],"_links":{"self":[{"href":"https:\/\/eldiariorepublicamx.com\/index.php?rest_route=\/wp\/v2\/posts\/1182","targetHints":{"allow":["GET"]}}],"collection":[{"href":"https:\/\/eldiariorepublicamx.com\/index.php?rest_route=\/wp\/v2\/posts"}],"about":[{"href":"https:\/\/eldiariorepublicamx.com\/index.php?rest_route=\/wp\/v2\/types\/post"}],"author":[{"embeddable":true,"href":"https:\/\/eldiariorepublicamx.com\/index.php?rest_route=\/wp\/v2\/users\/2"}],"replies":[{"embeddable":true,"href":"https:\/\/eldiariorepublicamx.com\/index.php?rest_route=%2Fwp%2Fv2%2Fcomments&post=1182"}],"version-history":[{"count":0,"href":"https:\/\/eldiariorepublicamx.com\/index.php?rest_route=\/wp\/v2\/posts\/1182\/revisions"}],"wp:featuredmedia":[{"embeddable":true,"href":"https:\/\/eldiariorepublicamx.com\/index.php?rest_route=\/wp\/v2\/media\/1183"}],"wp:attachment":[{"href":"https:\/\/eldiariorepublicamx.com\/index.php?rest_route=%2Fwp%2Fv2%2Fmedia&parent=1182"}],"wp:term":[{"taxonomy":"category","embeddable":true,"href":"https:\/\/eldiariorepublicamx.com\/index.php?rest_route=%2Fwp%2Fv2%2Fcategories&post=1182"},{"taxonomy":"post_tag","embeddable":true,"href":"https:\/\/eldiariorepublicamx.com\/index.php?rest_route=%2Fwp%2Fv2%2Ftags&post=1182"}],"curies":[{"name":"wp","href":"https:\/\/api.w.org\/{rel}","templated":true}]}}