{"id":1180,"date":"2026-04-17T10:27:15","date_gmt":"2026-04-17T16:27:15","guid":{"rendered":"https:\/\/eldiariorepublicamx.com\/?p=1180"},"modified":"2026-04-17T10:27:15","modified_gmt":"2026-04-17T16:27:15","slug":"secretaria-de-gobernacion-conduce-la-conferencia-matutina-mientras-la-presidenta-viaja-a-cumbre-mundial-en-espana","status":"publish","type":"post","link":"https:\/\/eldiariorepublicamx.com\/?p=1180","title":{"rendered":"Secretaria de Gobernaci\u00f3n conduce la conferencia matutina mientras la Presidenta viaja a cumbre mundial en Espa\u00f1a"},"content":{"rendered":"<p>La Secretaria de Gobernaci\u00f3n, Rosa Icela Rodr\u00edguez, encabez\u00f3 este jueves la conferencia de prensa matutina del gobierno federal en sustituci\u00f3n de la presidenta Claudia Sheinbaum, quien se encuentra en un viaje oficial a Barcelona, Espa\u00f1a, para participar en la IV Cumbre en Defensa de la Democracia.<\/p>\n<h3>Agenda internacional de la Presidenta<\/h3>\n<p>Rodr\u00edguez explic\u00f3 que la mandataria mexicana parti\u00f3 del territorio nacional el mi\u00e9rcoles 16 de abril tras una comunicaci\u00f3n oficial enviada a la Mesa Directiva del Senado, encabezada por la senadora Laura Itzel Castillo. La participaci\u00f3n de Sheinbaum en el encuentro internacional responde a una invitaci\u00f3n del presidente del gobierno espa\u00f1ol, Pedro S\u00e1nchez.<\/p>\n<p>El evento, que se realizar\u00e1 en la Fira de Barcelona este s\u00e1bado, reunir\u00e1 a representantes de m\u00e1s de veinte pa\u00edses, incluyendo al presidente de Brasil, Luiz In\u00e1cio Lula da Silva, y al mandatario de Colombia, Gustavo Petro.<\/p>\n<h3>Mensaje y encuentros bilaterales<\/h3>\n<p>La secretaria de Gobernaci\u00f3n se\u00f1al\u00f3 que, como ya hab\u00eda adelantado Sheinbaum, el mensaje que llevar\u00e1 M\u00e9xico a esta cumbre ser\u00e1 uno de paz. Adem\u00e1s de su intervenci\u00f3n en el foro multilateral, la presidenta sostendr\u00e1 reuniones bilaterales con el presidente S\u00e1nchez y otros jefes de Estado.<\/p>\n<h3>Temas abordados en la conferencia<\/h3>\n<p>Durante la sesi\u00f3n informativa, Rodr\u00edguez tambi\u00e9n present\u00f3 la agenda legislativa que ser\u00eda discutida ese d\u00eda, que incluye la nueva Ley Federal de Cine y el Audiovisual, la Reforma a la Ley Federal de Trabajo y modificaciones a la Ley Federal de Derecho de Autor.<\/p>\n<p>Estas propuestas fueron expuestas por la directora general del Instituto Nacional del Derecho de Autor, Karina Luj\u00e1n; la directora general del Instituto Mexicano de Cinematograf\u00eda, Daniela Alatorre Benard; y la secretaria de Cultura, Claudia Curiel de Icaza.<\/p>\n<p>Como invitado especial, el maestro Bulmaro Ju\u00e1rez S\u00e1nchez, divulgador de lenguas ind\u00edgenas, particip\u00f3 en la secci\u00f3n &#8220;Suave Patria&#8221;.<\/p>\n","protected":false},"excerpt":{"rendered":"<p>La Secretaria de Gobernaci\u00f3n, Rosa Icela Rodr\u00edguez, encabez\u00f3 este jueves la conferencia de prensa matutina del gobierno federal en sustituci\u00f3n de la presidenta Claudia Sheinbaum,&hellip;<\/p>\n","protected":false},"author":2,"featured_media":1181,"comment_status":"open","ping_status":"open","sticky":false,"template":"","format":"standard","meta":{"footnotes":""},"categories":[53,252],"tags":[13,650,404,19,644],"class_list":["post-1180","post","type-post","status-publish","format-standard","has-post-thumbnail","hentry","category-agenda-internacional","category-agenda-nacional","tag-claudia-sheinbaum","tag-espana","tag-mananera","tag-rosa-icela-rodriguez","tag-secretaria-de-gobernacion"],"_links":{"self":[{"href":"https:\/\/eldiariorepublicamx.com\/index.php?rest_route=\/wp\/v2\/posts\/1180","targetHints":{"allow":["GET"]}}],"collection":[{"href":"https:\/\/eldiariorepublicamx.com\/index.php?rest_route=\/wp\/v2\/posts"}],"about":[{"href":"https:\/\/eldiariorepublicamx.com\/index.php?rest_route=\/wp\/v2\/types\/post"}],"author":[{"embeddable":true,"href":"https:\/\/eldiariorepublicamx.com\/index.php?rest_route=\/wp\/v2\/users\/2"}],"replies":[{"embeddable":true,"href":"https:\/\/eldiariorepublicamx.com\/index.php?rest_route=%2Fwp%2Fv2%2Fcomments&post=1180"}],"version-history":[{"count":0,"href":"https:\/\/eldiariorepublicamx.com\/index.php?rest_route=\/wp\/v2\/posts\/1180\/revisions"}],"wp:featuredmedia":[{"embeddable":true,"href":"https:\/\/eldiariorepublicamx.com\/index.php?rest_route=\/wp\/v2\/media\/1181"}],"wp:attachment":[{"href":"https:\/\/eldiariorepublicamx.com\/index.php?rest_route=%2Fwp%2Fv2%2Fmedia&parent=1180"}],"wp:term":[{"taxonomy":"category","embeddable":true,"href":"https:\/\/eldiariorepublicamx.com\/index.php?rest_route=%2Fwp%2Fv2%2Fcategories&post=1180"},{"taxonomy":"post_tag","embeddable":true,"href":"https:\/\/eldiariorepublicamx.com\/index.php?rest_route=%2Fwp%2Fv2%2Ftags&post=1180"}],"curies":[{"name":"wp","href":"https:\/\/api.w.org\/{rel}","templated":true}]}}