{"id":118,"date":"2026-03-20T12:35:05","date_gmt":"2026-03-20T18:35:05","guid":{"rendered":"https:\/\/eldiariorepublicamx.com\/?p=118"},"modified":"2026-03-20T12:35:05","modified_gmt":"2026-03-20T18:35:05","slug":"apertura-de-registro-para-pension-del-bienestar-a-personas-con-discapacidad-de-30-a-64-anos-fechas-montos-y-estados-participantes","status":"publish","type":"post","link":"https:\/\/eldiariorepublicamx.com\/?p=118","title":{"rendered":"Apertura de registro para Pensi\u00f3n del Bienestar a personas con discapacidad de 30 a 64 a\u00f1os: fechas, montos y estados participantes"},"content":{"rendered":"<p>La pr\u00f3xima semana comenzar\u00e1 el registro presencial para la Pensi\u00f3n del Bienestar dirigida a personas de entre 30 y 64 a\u00f1os con discapacidad permanente, anunci\u00f3 la presidenta Claudia Sheinbaum durante la Ma\u00f1anera del Pueblo. El apoyo econ\u00f3mico ser\u00e1 de 3,300 pesos bimestrales, seg\u00fan confirm\u00f3 Ariadna Montiel Reyes, titular de la Secretar\u00eda de Bienestar. La inscripci\u00f3n se llevar\u00e1 a cabo del 23 al 29 de marzo de 2026 en m\u00f3dulos ubicados en diversas entidades del pa\u00eds que han firmado el convenio de universalidad con el gobierno federal.<\/p>\n<h3>Calendario de registro por letra del apellido<\/h3>\n<p>Para evitar aglomeraciones y agilizar el tr\u00e1mite, el registro se realizar\u00e1 bajo un sistema alfab\u00e9tico seg\u00fan la primera letra del primer apellido del solicitante. El calendario es el siguiente: el lunes 23 de marzo, podr\u00e1n acudir quienes tengan apellidos que comiencen con A, B o C; el martes 24, los correspondientes a D, E, F, G y H; el mi\u00e9rcoles 25, los de I, J, K, L y M; el jueves 26, los de N, \u00d1, O, P, Q y R; y el viernes 27, los de S, T, U, V, W, X, Y y Z. Los d\u00edas s\u00e1bado 28 y domingo 29 de marzo estar\u00e1n destinados a personas rezagadas, permitiendo el acceso a todos los interesados sin importar su letra inicial.<\/p>\n<h3>Documentaci\u00f3n requerida para el tr\u00e1mite<\/h3>\n<p>El proceso de inscripci\u00f3n es completamente gratuito y requiere la presentaci\u00f3n en original y copia de los siguientes documentos: acta de nacimiento legible, identificaci\u00f3n oficial vigente (como credencial para votar, pasaporte o credencial del INAPAM), CURP reciente, comprobante de domicilio no mayor a seis meses de antig\u00fcedad, y certificado m\u00e9dico que acredite una discapacidad permanente, expedido por una instituci\u00f3n p\u00fablica del sector salud (federal, estatal o municipal). Asimismo, es requisito indispensable tener entre 30 y 64 a\u00f1os cumplidos.<\/p>\n<h3>Estados participantes y entidades excluidas<\/h3>\n<p>La convocatoria est\u00e1 disponible \u00fanicamente en las entidades que han suscrito el convenio de universalidad con el gobierno federal. Podr\u00e1n registrarse personas que residan en Baja California, Baja California Sur, Campeche, Chiapas, Colima, Ciudad de M\u00e9xico, Estado de M\u00e9xico, Guerrero, Hidalgo, Michoac\u00e1n, Morelos, Nayarit, Oaxaca, Puebla, Quintana Roo, San Luis Potos\u00ed, Sinaloa, Sonora, Tabasco, Tamaulipas, Tlaxcala, Veracruz, Yucat\u00e1n y Zacatecas. En contraste, no podr\u00e1n participar en esta etapa quienes vivan en Aguascalientes, Chihuahua, Coahuila, Durango, Guanajuato, Jalisco, Nuevo Le\u00f3n ni Quer\u00e9taro, donde el registro se limita actualmente a personas con discapacidad de 0 a 29 a\u00f1os.<\/p>\n","protected":false},"excerpt":{"rendered":"<p>La pr\u00f3xima semana comenzar\u00e1 el registro presencial para la Pensi\u00f3n del Bienestar dirigida a personas de entre 30 y 64 a\u00f1os con discapacidad permanente, anunci\u00f3&hellip;<\/p>\n","protected":false},"author":2,"featured_media":119,"comment_status":"open","ping_status":"open","sticky":false,"template":"","format":"standard","meta":{"footnotes":""},"categories":[52],"tags":[175,173,13,107,172,176,174],"class_list":["post-118","post","type-post","status-publish","format-standard","has-post-thumbnail","hentry","category-economia","tag-apoyo-economico","tag-ariadna-montiel-reyes","tag-claudia-sheinbaum","tag-discapacidad","tag-pension-del-bienestar","tag-registro-presencial","tag-secretaria-de-bienestar"],"_links":{"self":[{"href":"https:\/\/eldiariorepublicamx.com\/index.php?rest_route=\/wp\/v2\/posts\/118","targetHints":{"allow":["GET"]}}],"collection":[{"href":"https:\/\/eldiariorepublicamx.com\/index.php?rest_route=\/wp\/v2\/posts"}],"about":[{"href":"https:\/\/eldiariorepublicamx.com\/index.php?rest_route=\/wp\/v2\/types\/post"}],"author":[{"embeddable":true,"href":"https:\/\/eldiariorepublicamx.com\/index.php?rest_route=\/wp\/v2\/users\/2"}],"replies":[{"embeddable":true,"href":"https:\/\/eldiariorepublicamx.com\/index.php?rest_route=%2Fwp%2Fv2%2Fcomments&post=118"}],"version-history":[{"count":0,"href":"https:\/\/eldiariorepublicamx.com\/index.php?rest_route=\/wp\/v2\/posts\/118\/revisions"}],"wp:featuredmedia":[{"embeddable":true,"href":"https:\/\/eldiariorepublicamx.com\/index.php?rest_route=\/wp\/v2\/media\/119"}],"wp:attachment":[{"href":"https:\/\/eldiariorepublicamx.com\/index.php?rest_route=%2Fwp%2Fv2%2Fmedia&parent=118"}],"wp:term":[{"taxonomy":"category","embeddable":true,"href":"https:\/\/eldiariorepublicamx.com\/index.php?rest_route=%2Fwp%2Fv2%2Fcategories&post=118"},{"taxonomy":"post_tag","embeddable":true,"href":"https:\/\/eldiariorepublicamx.com\/index.php?rest_route=%2Fwp%2Fv2%2Ftags&post=118"}],"curies":[{"name":"wp","href":"https:\/\/api.w.org\/{rel}","templated":true}]}}