{"id":1178,"date":"2026-04-17T10:27:12","date_gmt":"2026-04-17T16:27:12","guid":{"rendered":"https:\/\/eldiariorepublicamx.com\/?p=1178"},"modified":"2026-04-17T10:27:12","modified_gmt":"2026-04-17T16:27:12","slug":"andrea-chavez-deja-interinamente-el-senado-para-enfocarse-en-trabajo-de-campo-en-chihuahua","status":"publish","type":"post","link":"https:\/\/eldiariorepublicamx.com\/?p=1178","title":{"rendered":"Andrea Ch\u00e1vez deja interinamente el Senado para enfocarse en trabajo de campo en Chihuahua"},"content":{"rendered":"<p>La senadora Andrea Ch\u00e1vez solicit\u00f3 licencia de su cargo en el Senado de la Rep\u00fablica para concentrar todos sus esfuerzos en una jornada de trabajo territorial en el estado de Chihuahua, recorriendo colonias de la capital estatal.<\/p>\n<h3>Di\u00e1logo cercano con la comunidad<\/h3>\n<p>Un d\u00eda despu\u00e9s de pedir la licencia, la legisladora retom\u00f3 su pr\u00e1ctica de visitar casa por casa a los habitantes, iniciando en la colonia Revoluci\u00f3n de la ciudad de Chihuahua, donde fue recibida por vecinos dispuestos al intercambio.<\/p>\n<p>En sus redes sociales, comparti\u00f3 un mensaje sobre su actividad: \u201cYa habr\u00e1 tiempo para descansar cuando le contemos a nuestros nietos c\u00f3mo sacamos al PRIAN de Chihuahua, aquel hermoso verano de 2027. Mientras tanto, seguimos recorriendo nuestra tierra, puerta por puerta\u201d.<\/p>\n<h3>Motivos de la decisi\u00f3n<\/h3>\n<p>En entrevista con Vicente Serrano, explic\u00f3 que la licencia responde a la necesidad de dedicarse completamente al territorio: \u201cEs para recorrer nuevamente el estado de Chihuahua, para estar al 100 por ciento, ma\u00f1ana, tarde y noche, de sol a sol\u201d.<\/p>\n<p>A\u00f1adi\u00f3 que su decisi\u00f3n refleja una convicci\u00f3n sobre el papel de las mujeres en la vida p\u00fablica: \u201cVoy a ser mam\u00e1, pero tambi\u00e9n hay miles de mujeres en nuestro pa\u00eds que trabajan todos los d\u00edas y sacan adelante a sus familias. Estoy convencida de que puedo asumir ambas responsabilidades\u201d.<\/p>\n<h3>Demanda ciudadana y responsabilidad institucional<\/h3>\n<p>Al hablar con Azucena Uresti, se\u00f1al\u00f3 que el contexto actual de Chihuahua exige una presencia permanente en el terreno: \u201cLas y los chihuahuenses me lo han expresado en cada recorrido, quieren que estemos de tiempo completo, cercanos a sus necesidades y atendiendo sus demandas\u201d.<\/p>\n<p>Desde una perspectiva institucional, indic\u00f3 que su separaci\u00f3n temporal tambi\u00e9n busca que las responsabilidades legislativas sean atendidas con dedicaci\u00f3n plena: \u201cEl Senado de la Rep\u00fablica merece contar con legisladores que desempe\u00f1en sus funciones al cien por ciento\u201d.<\/p>\n<p>Bajo la premisa de fortalecer el trabajo de campo, reiter\u00f3 que recorrer\u00e1 nuevamente todo el estado, priorizando el contacto directo con la poblaci\u00f3n y la atenci\u00f3n a sus principales inquietudes.<\/p>\n","protected":false},"excerpt":{"rendered":"<p>La senadora Andrea Ch\u00e1vez solicit\u00f3 licencia de su cargo en el Senado de la Rep\u00fablica para concentrar todos sus esfuerzos en una jornada de trabajo&hellip;<\/p>\n","protected":false},"author":2,"featured_media":1179,"comment_status":"open","ping_status":"open","sticky":false,"template":"","format":"standard","meta":{"footnotes":""},"categories":[252],"tags":[987,989,988,76,990],"class_list":["post-1178","post","type-post","status-publish","format-standard","has-post-thumbnail","hentry","category-agenda-nacional","tag-andrea-chavez","tag-chihuahua","tag-licencia","tag-senado","tag-trabajo-territorial"],"_links":{"self":[{"href":"https:\/\/eldiariorepublicamx.com\/index.php?rest_route=\/wp\/v2\/posts\/1178","targetHints":{"allow":["GET"]}}],"collection":[{"href":"https:\/\/eldiariorepublicamx.com\/index.php?rest_route=\/wp\/v2\/posts"}],"about":[{"href":"https:\/\/eldiariorepublicamx.com\/index.php?rest_route=\/wp\/v2\/types\/post"}],"author":[{"embeddable":true,"href":"https:\/\/eldiariorepublicamx.com\/index.php?rest_route=\/wp\/v2\/users\/2"}],"replies":[{"embeddable":true,"href":"https:\/\/eldiariorepublicamx.com\/index.php?rest_route=%2Fwp%2Fv2%2Fcomments&post=1178"}],"version-history":[{"count":0,"href":"https:\/\/eldiariorepublicamx.com\/index.php?rest_route=\/wp\/v2\/posts\/1178\/revisions"}],"wp:featuredmedia":[{"embeddable":true,"href":"https:\/\/eldiariorepublicamx.com\/index.php?rest_route=\/wp\/v2\/media\/1179"}],"wp:attachment":[{"href":"https:\/\/eldiariorepublicamx.com\/index.php?rest_route=%2Fwp%2Fv2%2Fmedia&parent=1178"}],"wp:term":[{"taxonomy":"category","embeddable":true,"href":"https:\/\/eldiariorepublicamx.com\/index.php?rest_route=%2Fwp%2Fv2%2Fcategories&post=1178"},{"taxonomy":"post_tag","embeddable":true,"href":"https:\/\/eldiariorepublicamx.com\/index.php?rest_route=%2Fwp%2Fv2%2Ftags&post=1178"}],"curies":[{"name":"wp","href":"https:\/\/api.w.org\/{rel}","templated":true}]}}