{"id":1176,"date":"2026-04-17T10:27:07","date_gmt":"2026-04-17T16:27:07","guid":{"rendered":"https:\/\/eldiariorepublicamx.com\/?p=1176"},"modified":"2026-04-17T10:27:07","modified_gmt":"2026-04-17T16:27:07","slug":"la-presidenta-sheinbaum-firma-pacto-con-el-sector-agroalimentario-para-estabilizar-precios-de-la-canasta-basica","status":"publish","type":"post","link":"https:\/\/eldiariorepublicamx.com\/?p=1176","title":{"rendered":"La presidenta Sheinbaum firma pacto con el sector agroalimentario para estabilizar precios de la canasta b\u00e1sica"},"content":{"rendered":"<p>La presidenta Claudia Sheinbaum logr\u00f3 un acuerdo con empresarios y productores del sector agroindustrial para frenar el aumento en los costos de alimentos esenciales, durante una reuni\u00f3n celebrada el 16 de abril de 2026 en Palacio Nacional. El convenio, enmarcado dentro del Paquete Contra la Inflaci\u00f3n y la Carest\u00eda (PACIC), garantiza que la canasta de 24 productos se mantendr\u00e1 en 910 pesos.<\/p>\n<h3>Disparidades de precios y efecto inflacionario<\/h3>\n<p>El encuentro fue convocado ante los incrementos registrados en marzo de 2026 en productos como jitomate, papa y tomate. Sheinbaum cuestion\u00f3 las grandes diferencias de precio entre distintos establecimientos, afirmando: <\/p>\n<blockquote><p>\u201c\u00bfC\u00f3mo es posible que en las tiendas del Instituto de Seguridad y Servicios Sociales de los Trabajadores del Estado (ISSSTE) el jitomate est\u00e9 a 20 pesos y en Walmart est\u00e9 a 80, 100 pesos, en algunos lugares? Entonces, eso no puede ser\u201d.<\/p><\/blockquote>\n<p> La mandataria tambi\u00e9n advirti\u00f3 sobre el efecto en cascada del encarecimiento del jitomate en otros sectores, como los restaurantes.<\/p>\n<p>Seg\u00fan datos del INEGI presentados en la reuni\u00f3n, el costo de la canasta b\u00e1sica aument\u00f3 8.1% en ciudades y 7.6% en zonas rurales durante marzo, superando ampliamente la inflaci\u00f3n general del 4.6%.<\/p>\n<h3>Compromisos del sector privado y apoyo gubernamental<\/h3>\n<p>Al t\u00e9rmino de la junta, la presidenta inform\u00f3 a trav\u00e9s de la red social X que todos los comercializadores participantes se comprometieron a bajar los precios de los productos perecederos. En su publicaci\u00f3n, Sheinbaum se\u00f1al\u00f3 que el objetivo es \u201cgarantizar el Paquete Contra la Inflaci\u00f3n y la Carest\u00eda en apoyo a la econom\u00eda de las familias mexicanas\u201d.<\/p>\n<p>El director general del Grupo Consultor de Mercados Agr\u00edcolas, Juan Carlos Anaya Castellanos, respald\u00f3 la postura oficial y declar\u00f3 que \u201cno hay raz\u00f3n para que suba la tortilla\u201d, dado los bajos precios del ma\u00edz.<\/p>\n<h3>Participantes y pr\u00f3ximas acciones<\/h3>\n<p>En la reuni\u00f3n estuvieron presentes alrededor de 50 representantes del sector privado, entre los que destacaron Manuel C\u00e1zares del Sistema Producto Tomate en Sonora, Germ\u00e1n G\u00e1ndara de la Asociaci\u00f3n Mexicana de Productores de Tomate, Diego Cos\u00edo de la ANTAD, Antonio de la Torre de la Uni\u00f3n Nacional de la Industria de la Masa de la Tortilla, Javier Trevi\u00f1o de Walmart M\u00e9xico y Antonio Chedraui del Grupo Chedraui.<\/p>\n<p>Por parte del gobierno federal asistieron los titulares de la SADER, Julio Berdegu\u00e9 Sacrist\u00e1n; de la Profeco, Iv\u00e1n Escalante Ruiz; y de la Secretar\u00eda de Econom\u00eda, Marcelo Luis Ebrard Casaub\u00f3n, as\u00ed como funcionarios de Hacienda y Energ\u00eda. Berdegu\u00e9 calific\u00f3 el encuentro como \u201cexcelente reuni\u00f3n\u201d y anticip\u00f3 que la presidenta dar\u00eda a conocer los acuerdos.<\/p>\n<h3>Medidas complementarias y subsidios<\/h3>\n<p>En un comunicado posterior, el Gobierno Federal precis\u00f3 que los 24 productos del PACIC ser\u00e1n se\u00f1alizados en los supermercados para facilitar su identificaci\u00f3n por los consumidores. Sheinbaum tambi\u00e9n abord\u00f3 el impacto de los combustibles en la inflaci\u00f3n, advirtiendo que, sin la intervenci\u00f3n del gobierno para subsidiar el IEPS, la gasolina podr\u00eda superar los 30 pesos por litro. La SHCP tiene la facultad de aplicar este subsidio para amortiguar el costo final al consumidor.<\/p>\n","protected":false},"excerpt":{"rendered":"<p>La presidenta Claudia Sheinbaum logr\u00f3 un acuerdo con empresarios y productores del sector agroindustrial para frenar el aumento en los costos de alimentos esenciales, durante&hellip;<\/p>\n","protected":false},"author":2,"featured_media":1177,"comment_status":"open","ping_status":"open","sticky":false,"template":"","format":"standard","meta":{"footnotes":""},"categories":[252,52],"tags":[986,985,357,934,743,288],"class_list":["post-1176","post","type-post","status-publish","format-standard","has-post-thumbnail","hentry","category-agenda-nacional","category-economia","tag-agroindustriales","tag-alimentos","tag-inflacion","tag-pacic","tag-precios","tag-sheinbaum"],"_links":{"self":[{"href":"https:\/\/eldiariorepublicamx.com\/index.php?rest_route=\/wp\/v2\/posts\/1176","targetHints":{"allow":["GET"]}}],"collection":[{"href":"https:\/\/eldiariorepublicamx.com\/index.php?rest_route=\/wp\/v2\/posts"}],"about":[{"href":"https:\/\/eldiariorepublicamx.com\/index.php?rest_route=\/wp\/v2\/types\/post"}],"author":[{"embeddable":true,"href":"https:\/\/eldiariorepublicamx.com\/index.php?rest_route=\/wp\/v2\/users\/2"}],"replies":[{"embeddable":true,"href":"https:\/\/eldiariorepublicamx.com\/index.php?rest_route=%2Fwp%2Fv2%2Fcomments&post=1176"}],"version-history":[{"count":0,"href":"https:\/\/eldiariorepublicamx.com\/index.php?rest_route=\/wp\/v2\/posts\/1176\/revisions"}],"wp:featuredmedia":[{"embeddable":true,"href":"https:\/\/eldiariorepublicamx.com\/index.php?rest_route=\/wp\/v2\/media\/1177"}],"wp:attachment":[{"href":"https:\/\/eldiariorepublicamx.com\/index.php?rest_route=%2Fwp%2Fv2%2Fmedia&parent=1176"}],"wp:term":[{"taxonomy":"category","embeddable":true,"href":"https:\/\/eldiariorepublicamx.com\/index.php?rest_route=%2Fwp%2Fv2%2Fcategories&post=1176"},{"taxonomy":"post_tag","embeddable":true,"href":"https:\/\/eldiariorepublicamx.com\/index.php?rest_route=%2Fwp%2Fv2%2Ftags&post=1176"}],"curies":[{"name":"wp","href":"https:\/\/api.w.org\/{rel}","templated":true}]}}