{"id":1174,"date":"2026-04-17T10:27:02","date_gmt":"2026-04-17T16:27:02","guid":{"rendered":"https:\/\/eldiariorepublicamx.com\/?p=1174"},"modified":"2026-04-17T10:27:02","modified_gmt":"2026-04-17T16:27:02","slug":"mas-de-30-senadores-se-preparan-para-competir-por-gubernaturas-en-las-elecciones-de-2027","status":"publish","type":"post","link":"https:\/\/eldiariorepublicamx.com\/?p=1174","title":{"rendered":"M\u00e1s de 30 senadores se preparan para competir por gubernaturas en las elecciones de 2027"},"content":{"rendered":"<p>Con miras a los comicios estatales de 2027, la actividad pol\u00edtica en el Senado de la Rep\u00fablica se ha intensificado, con al menos 33 legisladores que ya han manifestado su inter\u00e9s en contender por una gubernatura.<\/p>\n<h3>Distribuci\u00f3n por fuerzas pol\u00edticas<\/h3>\n<p>Del total de aspirantes, 22 pertenecen al bloque oficialista de la Cuarta Transformaci\u00f3n: 15 son integrantes de Morena, cinco del Partido Verde Ecologista de M\u00e9xico y dos del Partido del Trabajo. Por la oposici\u00f3n, se han registrado cinco senadores del PAN, cinco del PRI y una posible candidatura de Luis Donaldo Colosio Riojas, del partido Movimiento Ciudadano.<\/p>\n<h3>Nombres en la contienda y proceso interno<\/h3>\n<p>Entre los senadores de Morena mencionados como posibles candidatos se encuentran Nora Ruvalcaba, Julieta Ram\u00edrez, Armando Ayala, Beatriz Mojica, Ra\u00fal Mor\u00f3n, Imelda Castro, Ana Lilia Rivera y Sa\u00fal Monreal. Por el PVEM figuran Karen Castrej\u00f3n, Waldo Fern\u00e1ndez y Ruth Gonz\u00e1lez, mientras que por el PT destacan Geovanna Ba\u00f1uelos y Ana Karen Hern\u00e1ndez.<\/p>\n<p>Hasta el momento, solo la senadora Andrea Ch\u00e1vez ha solicitado licencia para separarse de su cargo, mientras los dem\u00e1s esperan los tiempos y lineamientos que definan sus partidos.<\/p>\n<h3>Negociaciones y marco de selecci\u00f3n<\/h3>\n<p>Las negociaciones avanzan dentro de la Mesa Nacional de la Coalici\u00f3n, conformada por Morena, PT y PVEM, donde se establecer\u00e1n los criterios para seleccionar candidaturas. Seg\u00fan los acuerdos, en las encuestas internas para cada entidad podr\u00e1n participar hasta cuatro aspirantes de Morena, uno del Verde y uno del PT.<\/p>\n<p>Este proceso adquiere mayor relevancia tras la reciente designaci\u00f3n de Citlalli Hern\u00e1ndez como responsable de la Comisi\u00f3n Nacional de Elecciones de Morena, puesto desde el cual tendr\u00e1 un papel central en la construcci\u00f3n de acuerdos y en la definici\u00f3n de las candidaturas rumbo a los comicios.<\/p>\n<h3>Panorama electoral anticipado<\/h3>\n<p>Aunque el calendario electoral formal a\u00fan est\u00e1 lejano, la disputa interna ya comienza a delinearse, anticipando una competencia intensa tanto al interior de los partidos como entre los distintos bloques pol\u00edticos. Esta elecci\u00f3n ser\u00e1 clave para el equilibrio de poder en las entidades federativas del pa\u00eds.<\/p>\n","protected":false},"excerpt":{"rendered":"<p>Con miras a los comicios estatales de 2027, la actividad pol\u00edtica en el Senado de la Rep\u00fablica se ha intensificado, con al menos 33 legisladores&hellip;<\/p>\n","protected":false},"author":2,"featured_media":1175,"comment_status":"open","ping_status":"open","sticky":false,"template":"","format":"standard","meta":{"footnotes":""},"categories":[252],"tags":[678,984,131,653,18,341],"class_list":["post-1174","post","type-post","status-publish","format-standard","has-post-thumbnail","hentry","category-agenda-nacional","tag-candidaturas","tag-coalicion","tag-elecciones-2027","tag-gubernaturas","tag-morena","tag-senadores"],"_links":{"self":[{"href":"https:\/\/eldiariorepublicamx.com\/index.php?rest_route=\/wp\/v2\/posts\/1174","targetHints":{"allow":["GET"]}}],"collection":[{"href":"https:\/\/eldiariorepublicamx.com\/index.php?rest_route=\/wp\/v2\/posts"}],"about":[{"href":"https:\/\/eldiariorepublicamx.com\/index.php?rest_route=\/wp\/v2\/types\/post"}],"author":[{"embeddable":true,"href":"https:\/\/eldiariorepublicamx.com\/index.php?rest_route=\/wp\/v2\/users\/2"}],"replies":[{"embeddable":true,"href":"https:\/\/eldiariorepublicamx.com\/index.php?rest_route=%2Fwp%2Fv2%2Fcomments&post=1174"}],"version-history":[{"count":0,"href":"https:\/\/eldiariorepublicamx.com\/index.php?rest_route=\/wp\/v2\/posts\/1174\/revisions"}],"wp:featuredmedia":[{"embeddable":true,"href":"https:\/\/eldiariorepublicamx.com\/index.php?rest_route=\/wp\/v2\/media\/1175"}],"wp:attachment":[{"href":"https:\/\/eldiariorepublicamx.com\/index.php?rest_route=%2Fwp%2Fv2%2Fmedia&parent=1174"}],"wp:term":[{"taxonomy":"category","embeddable":true,"href":"https:\/\/eldiariorepublicamx.com\/index.php?rest_route=%2Fwp%2Fv2%2Fcategories&post=1174"},{"taxonomy":"post_tag","embeddable":true,"href":"https:\/\/eldiariorepublicamx.com\/index.php?rest_route=%2Fwp%2Fv2%2Ftags&post=1174"}],"curies":[{"name":"wp","href":"https:\/\/api.w.org\/{rel}","templated":true}]}}