{"id":116,"date":"2026-03-20T12:35:03","date_gmt":"2026-03-20T18:35:03","guid":{"rendered":"https:\/\/eldiariorepublicamx.com\/?p=116"},"modified":"2026-03-20T12:35:03","modified_gmt":"2026-03-20T18:35:03","slug":"mujer-fallece-tras-caida-desde-edificio-en-paseo-de-la-reforma-testigos-reportaron-discusion-previa","status":"publish","type":"post","link":"https:\/\/eldiariorepublicamx.com\/?p=116","title":{"rendered":"Mujer fallece tras ca\u00edda desde edificio en Paseo de la Reforma; testigos reportaron discusi\u00f3n previa"},"content":{"rendered":"<p>Una mujer muri\u00f3 este jueves en la tarde tras precipitarse desde un edificio ubicado en Paseo de la Reforma, a la altura de la calle Belgrado, en la colonia Ju\u00e1rez, alcald\u00eda Cuauht\u00e9moc. Las primeras autoridades indicaron que la v\u00edctima, de entre 35 y 40 a\u00f1os, aparentemente cay\u00f3 desde una altura de entre 10 y 12 pisos, impact\u00e1ndose contra el pavimento, donde qued\u00f3 sin signos vitales y con lesiones evidentes.<\/p>\n<h3>Detalles del incidente y presencia de testigos<\/h3>\n<p>Testigos del lugar afirmaron que momentos antes de la ca\u00edda escucharon una discusi\u00f3n en el balc\u00f3n de las oficinas del edificio Torre Reforma Latino. La mujer, identificada como Paula Emilia, portaba un gafete de visitante al inmueble. Minutos despu\u00e9s, presenciaron c\u00f3mo se precipitaba al vac\u00edo.<\/p>\n<p>Elementos de la Secretar\u00eda de Seguridad Ciudadana (SSC) llegaron al sitio tras recibir el reporte y solicitaron apoyo de emergencia. Los param\u00e9dicos que acudieron confirmaron que la mujer ya no presentaba signos vitales.<\/p>\n<h3>Peritaje y levantamiento del cuerpo<\/h3>\n<p>El \u00e1rea fue acordonada por elementos policiales mientras se esperaba la llegada de personal del Ministerio P\u00fablico y de Servicios Periciales. El cuerpo fue cubierto y resguardado hasta el inicio de las diligencias correspondientes, que incluyeron el levantamiento del cad\u00e1ver y la recolecci\u00f3n de indicios para determinar las circunstancias exactas del suceso.<\/p>\n<p>La zona permaneci\u00f3 resguardada durante varias horas mientras se realizaban las labores de investigaci\u00f3n. De manera preliminar, se maneja la hip\u00f3tesis de que la mujer podr\u00eda haberse arrojado desde el balc\u00f3n, aunque las autoridades advirtieron que ser\u00e1n las indagatorias las que establezcan con certeza lo ocurrido.<\/p>\n","protected":false},"excerpt":{"rendered":"<p>Una mujer muri\u00f3 este jueves en la tarde tras precipitarse desde un edificio ubicado en Paseo de la Reforma, a la altura de la calle&hellip;<\/p>\n","protected":false},"author":2,"featured_media":117,"comment_status":"open","ping_status":"open","sticky":false,"template":"","format":"standard","meta":{"footnotes":""},"categories":[52],"tags":[163,166,168,164,171,162,165,170,167,169],"class_list":["post-116","post","type-post","status-publish","format-standard","has-post-thumbnail","hentry","category-economia","tag-caida","tag-colonia-juarez","tag-discusion","tag-edificio","tag-ministerio-publico","tag-mujer","tag-paseo-de-la-reforma","tag-ssc","tag-testigos","tag-torre-reforma-latino"],"_links":{"self":[{"href":"https:\/\/eldiariorepublicamx.com\/index.php?rest_route=\/wp\/v2\/posts\/116","targetHints":{"allow":["GET"]}}],"collection":[{"href":"https:\/\/eldiariorepublicamx.com\/index.php?rest_route=\/wp\/v2\/posts"}],"about":[{"href":"https:\/\/eldiariorepublicamx.com\/index.php?rest_route=\/wp\/v2\/types\/post"}],"author":[{"embeddable":true,"href":"https:\/\/eldiariorepublicamx.com\/index.php?rest_route=\/wp\/v2\/users\/2"}],"replies":[{"embeddable":true,"href":"https:\/\/eldiariorepublicamx.com\/index.php?rest_route=%2Fwp%2Fv2%2Fcomments&post=116"}],"version-history":[{"count":0,"href":"https:\/\/eldiariorepublicamx.com\/index.php?rest_route=\/wp\/v2\/posts\/116\/revisions"}],"wp:featuredmedia":[{"embeddable":true,"href":"https:\/\/eldiariorepublicamx.com\/index.php?rest_route=\/wp\/v2\/media\/117"}],"wp:attachment":[{"href":"https:\/\/eldiariorepublicamx.com\/index.php?rest_route=%2Fwp%2Fv2%2Fmedia&parent=116"}],"wp:term":[{"taxonomy":"category","embeddable":true,"href":"https:\/\/eldiariorepublicamx.com\/index.php?rest_route=%2Fwp%2Fv2%2Fcategories&post=116"},{"taxonomy":"post_tag","embeddable":true,"href":"https:\/\/eldiariorepublicamx.com\/index.php?rest_route=%2Fwp%2Fv2%2Ftags&post=116"}],"curies":[{"name":"wp","href":"https:\/\/api.w.org\/{rel}","templated":true}]}}