{"id":1159,"date":"2026-04-16T16:35:47","date_gmt":"2026-04-16T22:35:47","guid":{"rendered":"https:\/\/eldiariorepublicamx.com\/?p=1159"},"modified":"2026-04-16T16:35:47","modified_gmt":"2026-04-16T22:35:47","slug":"con-el-respaldo-de-sheinbaum-citlalli-hernandez-deja-la-secretaria-de-las-mujeres-para-presidir-la-comision-de-elecciones-de-morena","status":"publish","type":"post","link":"https:\/\/eldiariorepublicamx.com\/?p=1159","title":{"rendered":"Con el respaldo de Sheinbaum, Citlalli Hern\u00e1ndez deja la Secretar\u00eda de las Mujeres para presidir la Comisi\u00f3n de Elecciones de Morena"},"content":{"rendered":"\n<p>Nuestra presidenta <strong>Claudia Sheinbaum<\/strong> respalda y reconoce la salida de <strong>Citlalli Hern\u00e1ndez<\/strong> de la Secretar\u00eda de las Mujeres para sumarse al Comit\u00e9 Ejecutivo de Morena, donde presidir\u00e1 la <strong>Comisi\u00f3n de Elecciones<\/strong> con una misi\u00f3n clara: coordinar las alianzas que definir\u00e1n la victoria de 2027. &#8220;Citlalli siempre tendr\u00e1 un espacio en el Gobierno de M\u00e9xico&#8221;, afirm\u00f3 la mandataria.<\/p>\n\n\n\n<h3 class=\"wp-block-heading\"><strong>\u00bfQu\u00e9 logr\u00f3 Citlalli en la Secretar\u00eda de las Mujeres?<\/strong><\/h3>\n\n\n\n<p>Como primera titular de la Secretar\u00eda, dej\u00f3 una huella real en la vida de millones de mujeres mexicanas:<\/p>\n\n\n\n<ul class=\"wp-block-list\">\n<li><strong>25 millones de cartillas<\/strong> de derechos de las mujeres repartidas en todo el pa\u00eds<\/li>\n\n\n\n<li>Reforma a la <strong>Constituci\u00f3n<\/strong> en materia de derechos de las mujeres<\/li>\n\n\n\n<li>M\u00e1s de <strong>500 Centros Libres<\/strong> activos en todo el territorio<\/li>\n\n\n\n<li>La <strong>Red de Tejedoras de la Patria<\/strong> construida de manera excepcional<\/li>\n\n\n\n<li>Trabajo directo con colectivos y atenci\u00f3n a v\u00edctimas<\/li>\n<\/ul>\n\n\n\n<h3 class=\"wp-block-heading\"><strong>\u00bfC\u00f3mo describi\u00f3 nuestra presidenta a Citlalli?<\/strong><\/h3>\n\n\n\n<p>Con genuino cari\u00f1o y orgullo: <em>&#8220;Es una joven brillante, trabajadora, honesta. Una compa\u00f1era extraordinaria.&#8221;<\/em>Sheinbaum fue directa: Citlalli siempre tendr\u00e1 un lugar en el Gobierno de M\u00e9xico, porque el talento y la entrega no se van, se multiplican.<\/p>\n\n\n\n<p>La nueva titular de la Secretar\u00eda de las Mujeres, tambi\u00e9n mujer, ser\u00e1 anunciada en los pr\u00f3ximos d\u00edas.<\/p>\n","protected":false},"excerpt":{"rendered":"<p>Nuestra presidenta Claudia Sheinbaum respalda y reconoce la salida de Citlalli Hern\u00e1ndez de la Secretar\u00eda de las Mujeres para sumarse al Comit\u00e9 Ejecutivo de Morena,&hellip;<\/p>\n","protected":false},"author":5,"featured_media":1160,"comment_status":"open","ping_status":"open","sticky":false,"template":"","format":"standard","meta":{"footnotes":""},"categories":[251],"tags":[13,45,18,288],"class_list":["post-1159","post","type-post","status-publish","format-standard","has-post-thumbnail","hentry","category-la-mananera-en-breve","tag-claudia-sheinbaum","tag-mexico","tag-morena","tag-sheinbaum"],"_links":{"self":[{"href":"https:\/\/eldiariorepublicamx.com\/index.php?rest_route=\/wp\/v2\/posts\/1159","targetHints":{"allow":["GET"]}}],"collection":[{"href":"https:\/\/eldiariorepublicamx.com\/index.php?rest_route=\/wp\/v2\/posts"}],"about":[{"href":"https:\/\/eldiariorepublicamx.com\/index.php?rest_route=\/wp\/v2\/types\/post"}],"author":[{"embeddable":true,"href":"https:\/\/eldiariorepublicamx.com\/index.php?rest_route=\/wp\/v2\/users\/5"}],"replies":[{"embeddable":true,"href":"https:\/\/eldiariorepublicamx.com\/index.php?rest_route=%2Fwp%2Fv2%2Fcomments&post=1159"}],"version-history":[{"count":1,"href":"https:\/\/eldiariorepublicamx.com\/index.php?rest_route=\/wp\/v2\/posts\/1159\/revisions"}],"predecessor-version":[{"id":1161,"href":"https:\/\/eldiariorepublicamx.com\/index.php?rest_route=\/wp\/v2\/posts\/1159\/revisions\/1161"}],"wp:featuredmedia":[{"embeddable":true,"href":"https:\/\/eldiariorepublicamx.com\/index.php?rest_route=\/wp\/v2\/media\/1160"}],"wp:attachment":[{"href":"https:\/\/eldiariorepublicamx.com\/index.php?rest_route=%2Fwp%2Fv2%2Fmedia&parent=1159"}],"wp:term":[{"taxonomy":"category","embeddable":true,"href":"https:\/\/eldiariorepublicamx.com\/index.php?rest_route=%2Fwp%2Fv2%2Fcategories&post=1159"},{"taxonomy":"post_tag","embeddable":true,"href":"https:\/\/eldiariorepublicamx.com\/index.php?rest_route=%2Fwp%2Fv2%2Ftags&post=1159"}],"curies":[{"name":"wp","href":"https:\/\/api.w.org\/{rel}","templated":true}]}}