{"id":1149,"date":"2026-04-16T10:25:48","date_gmt":"2026-04-16T16:25:48","guid":{"rendered":"https:\/\/eldiariorepublicamx.com\/?p=1149"},"modified":"2026-04-16T10:25:48","modified_gmt":"2026-04-16T16:25:48","slug":"transmision-en-vivo-de-la-conferencia-de-prensa-de-la-presidenta-sheinbaum-este-jueves","status":"publish","type":"post","link":"https:\/\/eldiariorepublicamx.com\/?p=1149","title":{"rendered":"Transmisi\u00f3n en vivo de la conferencia de prensa de la presidenta Sheinbaum este jueves"},"content":{"rendered":"<p>La presidenta de M\u00e9xico, Claudia Sheinbaum, ofrecer\u00e1 una transmisi\u00f3n en vivo de su conferencia de prensa matutina este jueves 16 de abril de 2026.<\/p>\n<h3>Espacio informativo presidencial<\/h3>\n<p>El evento ser\u00e1 una oportunidad para que la mandataria se dirija a la ciudadan\u00eda y a los medios de comunicaci\u00f3n.<\/p>\n<p>Este formato de comunicaci\u00f3n directa con la poblaci\u00f3n forma parte de la din\u00e1mica de gobierno de la Cuarta Transformaci\u00f3n.<\/p>\n","protected":false},"excerpt":{"rendered":"<p>La presidenta de M\u00e9xico, Claudia Sheinbaum, ofrecer\u00e1 una transmisi\u00f3n en vivo de su conferencia de prensa matutina este jueves 16 de abril de 2026. Espacio&hellip;<\/p>\n","protected":false},"author":2,"featured_media":1150,"comment_status":"open","ping_status":"open","sticky":false,"template":"","format":"standard","meta":{"footnotes":""},"categories":[252],"tags":[13,785,801,833],"class_list":["post-1149","post","type-post","status-publish","format-standard","has-post-thumbnail","hentry","category-agenda-nacional","tag-claudia-sheinbaum","tag-conferencia-de-prensa","tag-presidenta","tag-transmision-en-vivo"],"_links":{"self":[{"href":"https:\/\/eldiariorepublicamx.com\/index.php?rest_route=\/wp\/v2\/posts\/1149","targetHints":{"allow":["GET"]}}],"collection":[{"href":"https:\/\/eldiariorepublicamx.com\/index.php?rest_route=\/wp\/v2\/posts"}],"about":[{"href":"https:\/\/eldiariorepublicamx.com\/index.php?rest_route=\/wp\/v2\/types\/post"}],"author":[{"embeddable":true,"href":"https:\/\/eldiariorepublicamx.com\/index.php?rest_route=\/wp\/v2\/users\/2"}],"replies":[{"embeddable":true,"href":"https:\/\/eldiariorepublicamx.com\/index.php?rest_route=%2Fwp%2Fv2%2Fcomments&post=1149"}],"version-history":[{"count":0,"href":"https:\/\/eldiariorepublicamx.com\/index.php?rest_route=\/wp\/v2\/posts\/1149\/revisions"}],"wp:featuredmedia":[{"embeddable":true,"href":"https:\/\/eldiariorepublicamx.com\/index.php?rest_route=\/wp\/v2\/media\/1150"}],"wp:attachment":[{"href":"https:\/\/eldiariorepublicamx.com\/index.php?rest_route=%2Fwp%2Fv2%2Fmedia&parent=1149"}],"wp:term":[{"taxonomy":"category","embeddable":true,"href":"https:\/\/eldiariorepublicamx.com\/index.php?rest_route=%2Fwp%2Fv2%2Fcategories&post=1149"},{"taxonomy":"post_tag","embeddable":true,"href":"https:\/\/eldiariorepublicamx.com\/index.php?rest_route=%2Fwp%2Fv2%2Ftags&post=1149"}],"curies":[{"name":"wp","href":"https:\/\/api.w.org\/{rel}","templated":true}]}}