{"id":1147,"date":"2026-04-16T10:25:48","date_gmt":"2026-04-16T16:25:48","guid":{"rendered":"https:\/\/eldiariorepublicamx.com\/?p=1147"},"modified":"2026-04-16T10:25:48","modified_gmt":"2026-04-16T16:25:48","slug":"sheinbaum-y-sanchez-dialogaran-en-barcelona-para-renovar-lazos-entre-mexico-y-espana","status":"publish","type":"post","link":"https:\/\/eldiariorepublicamx.com\/?p=1147","title":{"rendered":"Sheinbaum y S\u00e1nchez dialogar\u00e1n en Barcelona para renovar lazos entre M\u00e9xico y Espa\u00f1a"},"content":{"rendered":"<p>La presidenta de M\u00e9xico, Claudia Sheinbaum, sostendr\u00e1 un encuentro bilateral con el presidente del Gobierno espa\u00f1ol, Pedro S\u00e1nchez, este jueves en Barcelona, durante la IV Cumbre en Defensa de la Democracia, cerrando casi ocho a\u00f1os de distanciamiento diplom\u00e1tico.<\/p>\n<h3>Superando el impasse de la administraci\u00f3n anterior<\/h3>\n<p>Esta visita marca la primera de un mandatario mexicano a Espa\u00f1a desde abril de 2018, poniendo fin a un periodo de tensi\u00f3n pol\u00edtica derivado de las exigencias de una disculpa por los hechos de la Conquista durante el gobierno de Andr\u00e9s Manuel L\u00f3pez Obrador. Sheinbaum viaja a la ciudad catalana para participar en el foro multilateral programado para el viernes 17 y s\u00e1bado 18 de abril.<\/p>\n<p>Seg\u00fan informaci\u00f3n de la agencia Europa Press, el encuentro con S\u00e1nchez ser\u00e1 breve y se aprovechar\u00e1 el marco del evento internacional. A pesar de la complejidad pol\u00edtica reciente, los v\u00ednculos econ\u00f3micos se mantuvieron como un pilar, siendo Espa\u00f1a el segundo socio comercial de M\u00e9xico en Europa y su segundo mayor inversionista hist\u00f3rico a nivel global, solo despu\u00e9s de Estados Unidos.<\/p>\n<h3>Alianza progresista y reposicionamiento global<\/h3>\n<p>En la cumbre, la mandataria mexicana se unir\u00e1 a otros l\u00edderes de espectro progresista como Luiz In\u00e1cio Lula da Silva de Brasil, Gustavo Petro de Colombia y Yamand\u00fa Orsi de Uruguay. El objetivo del foro es fortalecer alianzas frente al avance de corrientes de extrema derecha y discutir temas como la desigualdad, el extremismo y la defensa de las instituciones.<\/p>\n<p>Sheinbaum adelant\u00f3 que su mensaje se centrar\u00e1 en la promoci\u00f3n de la paz y el reconocimiento de pol\u00edticas que prioricen a los sectores m\u00e1s vulnerables. Este viaje refuerza el reposicionamiento de M\u00e9xico en escenarios globales, luego de un sexenio anterior con limitada presencia presidencial en el extranjero.<\/p>\n<h3>Gesto de reconciliaci\u00f3n y futuro de la relaci\u00f3n<\/h3>\n<p>Aunque se descarta una reuni\u00f3n formal con el Rey Felipe VI en esta ocasi\u00f3n, se han registrado pasos hacia la reconciliaci\u00f3n. En marzo, el monarca espa\u00f1ol reconoci\u00f3 p\u00fablicamente que hubo &#8220;mucho abuso&#8221; durante la Conquista, gesto que Sheinbaum calific\u00f3 como un avance importante.<\/p>\n<p>De cara al futuro, la normalizaci\u00f3n de los lazos podr\u00eda consolidarse con la posible asistencia del Rey al Mundial de f\u00fatbol de 2026 en M\u00e9xico y la participaci\u00f3n mexicana en la Cumbre Iberoamericana en Madrid. Tras una ca\u00edda en 2024, la inversi\u00f3n extranjera directa en M\u00e9xico mostr\u00f3 una recuperaci\u00f3n significativa al llegar a 4 mil 431 millones de d\u00f3lares en 2025.<\/p>\n","protected":false},"excerpt":{"rendered":"<p>La presidenta de M\u00e9xico, Claudia Sheinbaum, sostendr\u00e1 un encuentro bilateral con el presidente del Gobierno espa\u00f1ol, Pedro S\u00e1nchez, este jueves en Barcelona, durante la IV&hellip;<\/p>\n","protected":false},"author":2,"featured_media":1148,"comment_status":"open","ping_status":"open","sticky":false,"template":"","format":"standard","meta":{"footnotes":""},"categories":[53,252],"tags":[698,13,966,650,846,967],"class_list":["post-1147","post","type-post","status-publish","format-standard","has-post-thumbnail","hentry","category-agenda-internacional","category-agenda-nacional","tag-barcelona","tag-claudia-sheinbaum","tag-cumbre-democracia","tag-espana","tag-pedro-sanchez","tag-relaciones-bilaterales"],"_links":{"self":[{"href":"https:\/\/eldiariorepublicamx.com\/index.php?rest_route=\/wp\/v2\/posts\/1147","targetHints":{"allow":["GET"]}}],"collection":[{"href":"https:\/\/eldiariorepublicamx.com\/index.php?rest_route=\/wp\/v2\/posts"}],"about":[{"href":"https:\/\/eldiariorepublicamx.com\/index.php?rest_route=\/wp\/v2\/types\/post"}],"author":[{"embeddable":true,"href":"https:\/\/eldiariorepublicamx.com\/index.php?rest_route=\/wp\/v2\/users\/2"}],"replies":[{"embeddable":true,"href":"https:\/\/eldiariorepublicamx.com\/index.php?rest_route=%2Fwp%2Fv2%2Fcomments&post=1147"}],"version-history":[{"count":0,"href":"https:\/\/eldiariorepublicamx.com\/index.php?rest_route=\/wp\/v2\/posts\/1147\/revisions"}],"wp:featuredmedia":[{"embeddable":true,"href":"https:\/\/eldiariorepublicamx.com\/index.php?rest_route=\/wp\/v2\/media\/1148"}],"wp:attachment":[{"href":"https:\/\/eldiariorepublicamx.com\/index.php?rest_route=%2Fwp%2Fv2%2Fmedia&parent=1147"}],"wp:term":[{"taxonomy":"category","embeddable":true,"href":"https:\/\/eldiariorepublicamx.com\/index.php?rest_route=%2Fwp%2Fv2%2Fcategories&post=1147"},{"taxonomy":"post_tag","embeddable":true,"href":"https:\/\/eldiariorepublicamx.com\/index.php?rest_route=%2Fwp%2Fv2%2Ftags&post=1147"}],"curies":[{"name":"wp","href":"https:\/\/api.w.org\/{rel}","templated":true}]}}