{"id":1145,"date":"2026-04-16T10:25:48","date_gmt":"2026-04-16T16:25:48","guid":{"rendered":"https:\/\/eldiariorepublicamx.com\/?p=1145"},"modified":"2026-04-16T10:25:48","modified_gmt":"2026-04-16T16:25:48","slug":"sheinbaum-sostendra-encuentro-con-sanchez-en-espana-tras-momentos-de-desencuentro-diplomatico","status":"publish","type":"post","link":"https:\/\/eldiariorepublicamx.com\/?p=1145","title":{"rendered":"Sheinbaum sostendr\u00e1 encuentro con S\u00e1nchez en Espa\u00f1a tras momentos de desencuentro diplom\u00e1tico"},"content":{"rendered":"<p>La presidenta de M\u00e9xico, Claudia Sheinbaum, se encontrar\u00e1 este s\u00e1bado en Barcelona con el presidente del Gobierno espa\u00f1ol, Pedro S\u00e1nchez, en lo que ser\u00e1 un breve contacto bilateral. Este acercamiento ocurre a pesar de las tensiones diplom\u00e1ticas registradas entre ambos pa\u00edses en a\u00f1os recientes, originadas por la exigencia de una disculpa por la Conquista realizada durante el gobierno anterior.<\/p>\n<h3>Contexto del viaje y la agenda<\/h3>\n<p>El encuentro se dar\u00e1 en el marco del viaje de la mandataria mexicana a la ciudad espa\u00f1ola, donde participar\u00e1 en diversos eventos con l\u00edderes progresistas internacionales. Su agenda incluye la IV Reuni\u00f3n en Defensa de la Democracia, organizada por S\u00e1nchez y el presidente de Brasil, Lula da Silva, y el acto &#8216;Global Progressive Mobilisation&#8217;, convocado por el partido espa\u00f1ol PSOE.<\/p>\n<p>Fuentes oficiales espa\u00f1olas valoraron positivamente la presencia de Sheinbaum en estos actos, destacando su importancia dado que la presidenta mexicana no realiza frecuentes viajes al exterior y esta constituye su primera visita a Europa desde que asumi\u00f3 el cargo en 2024.<\/p>\n<h3>Participaci\u00f3n internacional y perspectivas<\/h3>\n<p>En el foro en defensa de la democracia tambi\u00e9n estar\u00e1n presentes los mandatarios de Colombia, Gustavo Petro; Uruguay, Yamand\u00fa Orsi; Sud\u00e1frica, Cyril Ramaphosa; la presidenta de Irlanda, Catherine Connolly y la primera ministra de Lituania, Inga Ruginien\u00e9. Las mismas fuentes subrayaron que la participaci\u00f3n de M\u00e9xico ha sido clave para respaldar esta edici\u00f3n del encuentro.<\/p>\n<p>No obstante, aclararon que la reuni\u00f3n entre Sheinbaum y S\u00e1nchez ser\u00e1 de corta duraci\u00f3n, al desarrollarse en un contexto multilateral y no como una visita de Estado de car\u00e1cter bilateral. El Gobierno espa\u00f1ol se muestra prudente al considerar este hecho como el cierre definitivo de la crisis diplom\u00e1tica, dejando abierta la evaluaci\u00f3n para despu\u00e9s de las conversaciones del s\u00e1bado.<\/p>\n<p>Ambas naciones han dado pasos hacia una reconciliaci\u00f3n que parece concretarse con esta visita sin precedentes de la presidenta mexicana a Espa\u00f1a.<\/p>\n","protected":false},"excerpt":{"rendered":"<p>La presidenta de M\u00e9xico, Claudia Sheinbaum, se encontrar\u00e1 este s\u00e1bado en Barcelona con el presidente del Gobierno espa\u00f1ol, Pedro S\u00e1nchez, en lo que ser\u00e1 un&hellip;<\/p>\n","protected":false},"author":2,"featured_media":1146,"comment_status":"open","ping_status":"open","sticky":false,"template":"","format":"standard","meta":{"footnotes":""},"categories":[53,252],"tags":[13,330,650,846,735],"class_list":["post-1145","post","type-post","status-publish","format-standard","has-post-thumbnail","hentry","category-agenda-internacional","category-agenda-nacional","tag-claudia-sheinbaum","tag-diplomacia","tag-espana","tag-pedro-sanchez","tag-reunion"],"_links":{"self":[{"href":"https:\/\/eldiariorepublicamx.com\/index.php?rest_route=\/wp\/v2\/posts\/1145","targetHints":{"allow":["GET"]}}],"collection":[{"href":"https:\/\/eldiariorepublicamx.com\/index.php?rest_route=\/wp\/v2\/posts"}],"about":[{"href":"https:\/\/eldiariorepublicamx.com\/index.php?rest_route=\/wp\/v2\/types\/post"}],"author":[{"embeddable":true,"href":"https:\/\/eldiariorepublicamx.com\/index.php?rest_route=\/wp\/v2\/users\/2"}],"replies":[{"embeddable":true,"href":"https:\/\/eldiariorepublicamx.com\/index.php?rest_route=%2Fwp%2Fv2%2Fcomments&post=1145"}],"version-history":[{"count":0,"href":"https:\/\/eldiariorepublicamx.com\/index.php?rest_route=\/wp\/v2\/posts\/1145\/revisions"}],"wp:featuredmedia":[{"embeddable":true,"href":"https:\/\/eldiariorepublicamx.com\/index.php?rest_route=\/wp\/v2\/media\/1146"}],"wp:attachment":[{"href":"https:\/\/eldiariorepublicamx.com\/index.php?rest_route=%2Fwp%2Fv2%2Fmedia&parent=1145"}],"wp:term":[{"taxonomy":"category","embeddable":true,"href":"https:\/\/eldiariorepublicamx.com\/index.php?rest_route=%2Fwp%2Fv2%2Fcategories&post=1145"},{"taxonomy":"post_tag","embeddable":true,"href":"https:\/\/eldiariorepublicamx.com\/index.php?rest_route=%2Fwp%2Fv2%2Ftags&post=1145"}],"curies":[{"name":"wp","href":"https:\/\/api.w.org\/{rel}","templated":true}]}}