{"id":1143,"date":"2026-04-16T10:25:47","date_gmt":"2026-04-16T16:25:47","guid":{"rendered":"https:\/\/eldiariorepublicamx.com\/?p=1143"},"modified":"2026-04-16T10:25:47","modified_gmt":"2026-04-16T16:25:47","slug":"sheinbaum-y-sanchez-sostendran-reunion-en-espana-tras-anos-de-distanciamiento-diplomatico","status":"publish","type":"post","link":"https:\/\/eldiariorepublicamx.com\/?p=1143","title":{"rendered":"Sheinbaum y S\u00e1nchez sostendr\u00e1n reuni\u00f3n en Espa\u00f1a tras a\u00f1os de distanciamiento diplom\u00e1tico"},"content":{"rendered":"<p>La presidenta de M\u00e9xico, Claudia Sheinbaum, y el presidente del Gobierno espa\u00f1ol, Pedro S\u00e1nchez, sostendr\u00e1n un breve encuentro bilateral este s\u00e1bado en Barcelona, marcando un posible acercamiento luego de a\u00f1os de tensiones entre ambas naciones. La cita se da en el marco de la participaci\u00f3n de la mandataria mexicana en eventos progresistas internacionales en la ciudad catalana.<\/p>\n<h3>Encuentro en foro internacional<\/h3>\n<p>Sheinbaum viaja a Barcelona para participar en la IV Reuni\u00f3n en Defensa de la Democracia, organizada por S\u00e1nchez y el presidente brasile\u00f1o Lula da Silva, que congregar\u00e1 a una decena de l\u00edderes de izquierda de distintos pa\u00edses. Posteriormente, la dirigente mexicana se sumar\u00e1 al acto &#8216;Global Progressive Mobilisation&#8217; organizado por el PSOE.<\/p>\n<p>Fuentes gubernamentales espa\u00f1olas expresaron su satisfacci\u00f3n por la presencia de Sheinbaum, se\u00f1alando que es &#8220;muy importante&#8221; dado que la presidenta mexicana no suele realizar viajes internacionales y esta ser\u00e1 su primera visita a Europa desde que asumi\u00f3 el cargo en 2024. En Moncloa agradecieron la participaci\u00f3n de M\u00e9xico en la organizaci\u00f3n del foro.<\/p>\n<h3>Un acercamiento gradual<\/h3>\n<p>El conflicto diplom\u00e1tico se origin\u00f3 en 2019, cuando el entonces presidente Andr\u00e9s Manuel L\u00f3pez Obrador exigi\u00f3 al Rey Felipe VI una disculpa por los hechos de la conquista de Am\u00e9rica, instando a Espa\u00f1a a reconocer su &#8220;responsabilidad hist\u00f3rica&#8221;. El gobierno de S\u00e1nchez rechaz\u00f3 &#8220;con toda firmeza&#8221; la misiva, y M\u00e9xico cancel\u00f3 su participaci\u00f3n en los actos conmemorativos del quinto centenario.<\/p>\n<p>Tras a\u00f1os de frialdad, el ministro de Exteriores espa\u00f1ol, Jos\u00e9 Manuel Albares, realiz\u00f3 en octubre de 2025 un primer movimiento al reconocer que hubo &#8220;dolor e injusticia hacia los pueblos originarios&#8221; durante la conquista, declaraci\u00f3n que Sheinbaum aplaudi\u00f3 y calific\u00f3 de &#8220;muy importante&#8221;.<\/p>\n<p>Posteriormente, el Rey Felipe VI reconoci\u00f3 que hubo &#8220;mucho abuso&#8221; pese a las Leyes de Indias, un gesto que la dirigente mexicana valor\u00f3 como un &#8220;avance&#8221;. Las fricciones se han ido disipando, y M\u00e9xico ya ha invitado al Rey al Mundial de f\u00fatbol de este verano.<\/p>\n<h3>Un paso m\u00e1s en la reconciliaci\u00f3n<\/h3>\n<p>El Gobierno espa\u00f1ol opta por la prudencia y no marca este encuentro como el fin definitivo de la crisis, emplazando a las conversaciones del s\u00e1bado. Tanto Espa\u00f1a como M\u00e9xico vienen dando pasos hacia la reconciliaci\u00f3n, que ahora cristalizan en esta visita in\u00e9dita. La participaci\u00f3n de M\u00e9xico en la Cumbre Iberoamericana de noviembre en Madrid podr\u00eda zanjar definitivamente el distanciamiento.<\/p>\n","protected":false},"excerpt":{"rendered":"<p>La presidenta de M\u00e9xico, Claudia Sheinbaum, y el presidente del Gobierno espa\u00f1ol, Pedro S\u00e1nchez, sostendr\u00e1n un breve encuentro bilateral este s\u00e1bado en Barcelona, marcando un&hellip;<\/p>\n","protected":false},"author":2,"featured_media":1144,"comment_status":"open","ping_status":"open","sticky":false,"template":"","format":"standard","meta":{"footnotes":""},"categories":[53],"tags":[13,650,45,846,652],"class_list":["post-1143","post","type-post","status-publish","format-standard","has-post-thumbnail","hentry","category-agenda-internacional","tag-claudia-sheinbaum","tag-espana","tag-mexico","tag-pedro-sanchez","tag-relaciones-diplomaticas"],"_links":{"self":[{"href":"https:\/\/eldiariorepublicamx.com\/index.php?rest_route=\/wp\/v2\/posts\/1143","targetHints":{"allow":["GET"]}}],"collection":[{"href":"https:\/\/eldiariorepublicamx.com\/index.php?rest_route=\/wp\/v2\/posts"}],"about":[{"href":"https:\/\/eldiariorepublicamx.com\/index.php?rest_route=\/wp\/v2\/types\/post"}],"author":[{"embeddable":true,"href":"https:\/\/eldiariorepublicamx.com\/index.php?rest_route=\/wp\/v2\/users\/2"}],"replies":[{"embeddable":true,"href":"https:\/\/eldiariorepublicamx.com\/index.php?rest_route=%2Fwp%2Fv2%2Fcomments&post=1143"}],"version-history":[{"count":0,"href":"https:\/\/eldiariorepublicamx.com\/index.php?rest_route=\/wp\/v2\/posts\/1143\/revisions"}],"wp:featuredmedia":[{"embeddable":true,"href":"https:\/\/eldiariorepublicamx.com\/index.php?rest_route=\/wp\/v2\/media\/1144"}],"wp:attachment":[{"href":"https:\/\/eldiariorepublicamx.com\/index.php?rest_route=%2Fwp%2Fv2%2Fmedia&parent=1143"}],"wp:term":[{"taxonomy":"category","embeddable":true,"href":"https:\/\/eldiariorepublicamx.com\/index.php?rest_route=%2Fwp%2Fv2%2Fcategories&post=1143"},{"taxonomy":"post_tag","embeddable":true,"href":"https:\/\/eldiariorepublicamx.com\/index.php?rest_route=%2Fwp%2Fv2%2Ftags&post=1143"}],"curies":[{"name":"wp","href":"https:\/\/api.w.org\/{rel}","templated":true}]}}