{"id":114,"date":"2026-03-20T12:35:01","date_gmt":"2026-03-20T18:35:01","guid":{"rendered":"https:\/\/eldiariorepublicamx.com\/?p=114"},"modified":"2026-03-20T12:35:01","modified_gmt":"2026-03-20T18:35:01","slug":"mexico-exige-investigacion-tras-muerte-de-joven-migrante-bajo-custodia-del-ice-en-florida","status":"publish","type":"post","link":"https:\/\/eldiariorepublicamx.com\/?p=114","title":{"rendered":"M\u00e9xico exige investigaci\u00f3n tras muerte de joven migrante bajo custodia del ICE en Florida"},"content":{"rendered":"<p>El gobierno de M\u00e9xico exigi\u00f3 una investigaci\u00f3n pronta y exhaustiva tras el fallecimiento de Royer P\u00e9rez Jim\u00e9nez, un joven mexicano de 19 a\u00f1os que muri\u00f3 bajo custodia del Servicio de Inmigraci\u00f3n y Control de Aduanas de Estados Unidos (ICE) en el centro de detenci\u00f3n Glades County Detention Center, en Florida. La Secretar\u00eda de Relaciones Exteriores (SRE) calific\u00f3 como &#8220;inaceptables&#8221; las muertes de connacionales en instalaciones migratorias estadounidenses y reiter\u00f3 su compromiso de activar todas las v\u00edas diplom\u00e1ticas y legales para esclarecer el caso.<\/p>\n<h3>Reacci\u00f3n diplom\u00e1tica y apoyo consular<\/h3>\n<p>La canciller\u00eda mexicana inform\u00f3 que el consulado general en Miami activ\u00f3 de inmediato el protocolo consular, visit\u00f3 el centro de detenci\u00f3n y se encuentra brindando asistencia a la familia del joven. Adem\u00e1s, se han solicitado formalmente los reportes y documentos necesarios para esclarecer las circunstancias del deceso. &#8220;Se utilizar\u00e1n todas las v\u00edas legales posibles para asegurar el acompa\u00f1amiento a los familiares&#8221;, indic\u00f3 la SRE.<\/p>\n<p>Las autoridades estadounidenses confirmaron que el caso &#8220;se encuentra actualmente bajo investigaci\u00f3n&#8221;, seg\u00fan datos proporcionados a la dependencia mexicana.<\/p>\n<h3>Patr\u00f3n de muertes bajo custodia<\/h3>\n<p>Este caso suma 13 fallecimientos de ciudadanos mexicanos bajo custodia del ICE desde que se intensificaron las pol\u00edticas antimigratorias durante la administraci\u00f3n de Donald Trump. La SRE advirti\u00f3 que proceder\u00e1 con gestiones diplom\u00e1ticas para exigir condiciones m\u00e1s seguras y evitar que se repitan estos incidentes.<\/p>\n<blockquote><p>&#8220;El gobierno de M\u00e9xico reitera que estas muertes resultan inaceptables, por lo que nuevamente exige una investigaci\u00f3n pronta y exhaustiva a las autoridades migratorias para esclarecer las circunstancias que derivaron en este fallecimiento, determinar responsabilidades y establecer garant\u00edas efectivas de no repetici\u00f3n&#8221;<\/p><\/blockquote>\n<p>La dependencia subray\u00f3 su compromiso de proteger la dignidad y los derechos de los mexicanos en el extranjero, asegurando que no escatimar\u00e1 esfuerzos en el uso de recursos jur\u00eddicos y diplom\u00e1ticos disponibles.<\/p>\n","protected":false},"excerpt":{"rendered":"<p>El gobierno de M\u00e9xico exigi\u00f3 una investigaci\u00f3n pronta y exhaustiva tras el fallecimiento de Royer P\u00e9rez Jim\u00e9nez, un joven mexicano de 19 a\u00f1os que muri\u00f3&hellip;<\/p>\n","protected":false},"author":2,"featured_media":115,"comment_status":"open","ping_status":"open","sticky":false,"template":"","format":"standard","meta":{"footnotes":""},"categories":[53,52],"tags":[161,159,157,155,45,156,158,160,99],"class_list":["post-114","post","type-post","status-publish","format-standard","has-post-thumbnail","hentry","category-agenda-internacional","category-economia","tag-consulado","tag-custodia","tag-florida","tag-ice","tag-mexico","tag-migrante","tag-muerte","tag-relaciones-exteriores","tag-sre"],"_links":{"self":[{"href":"https:\/\/eldiariorepublicamx.com\/index.php?rest_route=\/wp\/v2\/posts\/114","targetHints":{"allow":["GET"]}}],"collection":[{"href":"https:\/\/eldiariorepublicamx.com\/index.php?rest_route=\/wp\/v2\/posts"}],"about":[{"href":"https:\/\/eldiariorepublicamx.com\/index.php?rest_route=\/wp\/v2\/types\/post"}],"author":[{"embeddable":true,"href":"https:\/\/eldiariorepublicamx.com\/index.php?rest_route=\/wp\/v2\/users\/2"}],"replies":[{"embeddable":true,"href":"https:\/\/eldiariorepublicamx.com\/index.php?rest_route=%2Fwp%2Fv2%2Fcomments&post=114"}],"version-history":[{"count":0,"href":"https:\/\/eldiariorepublicamx.com\/index.php?rest_route=\/wp\/v2\/posts\/114\/revisions"}],"wp:featuredmedia":[{"embeddable":true,"href":"https:\/\/eldiariorepublicamx.com\/index.php?rest_route=\/wp\/v2\/media\/115"}],"wp:attachment":[{"href":"https:\/\/eldiariorepublicamx.com\/index.php?rest_route=%2Fwp%2Fv2%2Fmedia&parent=114"}],"wp:term":[{"taxonomy":"category","embeddable":true,"href":"https:\/\/eldiariorepublicamx.com\/index.php?rest_route=%2Fwp%2Fv2%2Fcategories&post=114"},{"taxonomy":"post_tag","embeddable":true,"href":"https:\/\/eldiariorepublicamx.com\/index.php?rest_route=%2Fwp%2Fv2%2Ftags&post=114"}],"curies":[{"name":"wp","href":"https:\/\/api.w.org\/{rel}","templated":true}]}}