{"id":1139,"date":"2026-04-16T10:25:43","date_gmt":"2026-04-16T16:25:43","guid":{"rendered":"https:\/\/eldiariorepublicamx.com\/?p=1139"},"modified":"2026-04-16T10:25:43","modified_gmt":"2026-04-16T16:25:43","slug":"mexico-y-eu-intensifican-dialogo-comercial-previo-a-revision-del-t-mec-con-encuentro-en-palacio-nacional","status":"publish","type":"post","link":"https:\/\/eldiariorepublicamx.com\/?p=1139","title":{"rendered":"M\u00e9xico y EU intensifican di\u00e1logo comercial previo a revisi\u00f3n del T-MEC con encuentro en Palacio Nacional"},"content":{"rendered":"<p>La presidenta Claudia Sheinbaum sostendr\u00e1 una reuni\u00f3n de alto nivel con el Representante Comercial de Estados Unidos, Jamieson Greer, los pr\u00f3ximos 19 y 20 de abril en la Ciudad de M\u00e9xico, en un esfuerzo por acelerar las negociaciones bilaterales de cara a la Revisi\u00f3n Conjunta del Tratado entre M\u00e9xico, Estados Unidos y Canad\u00e1 (T-MEC) programada para el 1 de julio.<\/p>\n<h3>Agenda de cooperaci\u00f3n econ\u00f3mica<\/h3>\n<p>El encuentro en Palacio Nacional, anunciado de forma conjunta por la Secretar\u00eda de Econom\u00eda de M\u00e9xico y la oficina del USTR, buscar\u00e1 fortalecer la cooperaci\u00f3n econ\u00f3mica frente a los cambios en los mercados globales. Los ejes prioritarios de la conversaci\u00f3n incluir\u00e1n reducir la dependencia comercial de Am\u00e9rica del Norte de otras regiones y promover la generaci\u00f3n de empleo y la protecci\u00f3n industrial en ambos pa\u00edses.<\/p>\n<p>La mandataria mexicana ha se\u00f1alado que su gobierno busca la eliminaci\u00f3n de aranceles para sectores clave como el automotriz, el acero y el aluminio, mientras que la contraparte estadounidense podr\u00eda insistir en reglas de origen m\u00e1s estrictas dentro del marco del tratado.<\/p>\n<h3>Mesas t\u00e9cnicas en sectores estrat\u00e9gicos<\/h3>\n<p>En paralelo a la reuni\u00f3n presidencial, el secretario de Econom\u00eda, Marcelo Ebrard, y el embajador Greer dirigir\u00e1n sesiones de trabajo con equipos t\u00e9cnicos. Estas mesas abordar\u00e1n temas previamente acordados, como las reglas de origen, las cadenas de suministro regionales y una mayor coordinaci\u00f3n en pol\u00edticas comerciales.<\/p>\n<p>Los sectores estrat\u00e9gicos que concentrar\u00e1n las discusiones son el automotriz, acero y aluminio, farmac\u00e9utico, electr\u00f3nica y dispositivos m\u00e9dicos, todos fundamentales para las exportaciones mexicanas y la relocalizaci\u00f3n industrial estadounidense frente a la competencia asi\u00e1tica.<\/p>\n<h3>Contexto de presi\u00f3n arancelaria<\/h3>\n<p>Las conversaciones se desarrollan en un contexto de tensi\u00f3n comercial marcado por las amenazas arancelarias desde la administraci\u00f3n del expresidente Donald Trump. La revisi\u00f3n del T-MEC representa un momento decisivo para definir las condiciones que regir\u00e1n la relaci\u00f3n comercial entre las naciones en los pr\u00f3ximos a\u00f1os.<\/p>\n<p>La intensificaci\u00f3n del di\u00e1logo y la elecci\u00f3n de territorio mexicano para estas reuniones indican el inter\u00e9s mutuo por llegar a la fecha clave con acuerdos concretos y no con diferencias pendientes. Lo que se negocie en esos d\u00edas podr\u00eda determinar el tono y el resultado de la revisi\u00f3n m\u00e1s importante del tratado desde su implementaci\u00f3n.<\/p>\n","protected":false},"excerpt":{"rendered":"<p>La presidenta Claudia Sheinbaum sostendr\u00e1 una reuni\u00f3n de alto nivel con el Representante Comercial de Estados Unidos, Jamieson Greer, los pr\u00f3ximos 19 y 20 de&hellip;<\/p>\n","protected":false},"author":2,"featured_media":1140,"comment_status":"open","ping_status":"open","sticky":false,"template":"","format":"standard","meta":{"footnotes":""},"categories":[252,52],"tags":[13,965,205,964,646],"class_list":["post-1139","post","type-post","status-publish","format-standard","has-post-thumbnail","hentry","category-agenda-nacional","category-economia","tag-claudia-sheinbaum","tag-comercio","tag-estados-unidos","tag-negociaciones","tag-t-mec"],"_links":{"self":[{"href":"https:\/\/eldiariorepublicamx.com\/index.php?rest_route=\/wp\/v2\/posts\/1139","targetHints":{"allow":["GET"]}}],"collection":[{"href":"https:\/\/eldiariorepublicamx.com\/index.php?rest_route=\/wp\/v2\/posts"}],"about":[{"href":"https:\/\/eldiariorepublicamx.com\/index.php?rest_route=\/wp\/v2\/types\/post"}],"author":[{"embeddable":true,"href":"https:\/\/eldiariorepublicamx.com\/index.php?rest_route=\/wp\/v2\/users\/2"}],"replies":[{"embeddable":true,"href":"https:\/\/eldiariorepublicamx.com\/index.php?rest_route=%2Fwp%2Fv2%2Fcomments&post=1139"}],"version-history":[{"count":0,"href":"https:\/\/eldiariorepublicamx.com\/index.php?rest_route=\/wp\/v2\/posts\/1139\/revisions"}],"wp:featuredmedia":[{"embeddable":true,"href":"https:\/\/eldiariorepublicamx.com\/index.php?rest_route=\/wp\/v2\/media\/1140"}],"wp:attachment":[{"href":"https:\/\/eldiariorepublicamx.com\/index.php?rest_route=%2Fwp%2Fv2%2Fmedia&parent=1139"}],"wp:term":[{"taxonomy":"category","embeddable":true,"href":"https:\/\/eldiariorepublicamx.com\/index.php?rest_route=%2Fwp%2Fv2%2Fcategories&post=1139"},{"taxonomy":"post_tag","embeddable":true,"href":"https:\/\/eldiariorepublicamx.com\/index.php?rest_route=%2Fwp%2Fv2%2Ftags&post=1139"}],"curies":[{"name":"wp","href":"https:\/\/api.w.org\/{rel}","templated":true}]}}