{"id":1131,"date":"2026-04-16T08:25:43","date_gmt":"2026-04-16T14:25:43","guid":{"rendered":"https:\/\/eldiariorepublicamx.com\/?p=1131"},"modified":"2026-04-16T08:25:43","modified_gmt":"2026-04-16T14:25:43","slug":"marcelo-ebrard-confirma-en-la-mananera-reunion-con-representante-comercial-de-eu-sobre-t-mec","status":"publish","type":"post","link":"https:\/\/eldiariorepublicamx.com\/?p=1131","title":{"rendered":"Marcelo Ebrard confirma en la ma\u00f1anera reuni\u00f3n con representante comercial de EU sobre T-MEC"},"content":{"rendered":"<p>El secretario de Econom\u00eda, Marcelo Ebrard, anunci\u00f3 durante la conferencia matutina de este jueves que el pr\u00f3ximo lunes 20 de abril se llevar\u00e1 a cabo la segunda ronda de conversaciones sobre el Tratado entre M\u00e9xico, Estados Unidos y Canad\u00e1 (T-MEC).<\/p>\n<p>Ebrard confirm\u00f3 que Jamieson Greer, titular de la representaci\u00f3n comercial de Estados Unidos, llegar\u00e1 a M\u00e9xico para iniciar las pl\u00e1ticas, en las cuales se abordar\u00e1n dudas y se discutir\u00e1n nuevas reglas del acuerdo comercial.<\/p>\n<h3>Encuentro en Palacio Nacional<\/h3>\n<p>La presidenta Claudia Sheinbaum tambi\u00e9n recibir\u00e1 al funcionario estadounidense durante su visita. La mandataria ofreci\u00f3 su conferencia habitual desde Palacio Nacional junto a su gabinete, abordando temas coyunturales y de la agenda nacional.<\/p>\n<p>Como es costumbre en los jueves, durante la ma\u00f1anera tambi\u00e9n se present\u00f3 la secci\u00f3n Mujeres en la Historia.<\/p>\n","protected":false},"excerpt":{"rendered":"<p>El secretario de Econom\u00eda, Marcelo Ebrard, anunci\u00f3 durante la conferencia matutina de este jueves que el pr\u00f3ximo lunes 20 de abril se llevar\u00e1 a cabo&hellip;<\/p>\n","protected":false},"author":2,"featured_media":1132,"comment_status":"open","ping_status":"open","sticky":false,"template":"","format":"standard","meta":{"footnotes":""},"categories":[251],"tags":[13,64,205,441,646],"class_list":["post-1131","post","type-post","status-publish","format-standard","has-post-thumbnail","hentry","category-la-mananera-en-breve","tag-claudia-sheinbaum","tag-economia","tag-estados-unidos","tag-marcelo-ebrard","tag-t-mec"],"_links":{"self":[{"href":"https:\/\/eldiariorepublicamx.com\/index.php?rest_route=\/wp\/v2\/posts\/1131","targetHints":{"allow":["GET"]}}],"collection":[{"href":"https:\/\/eldiariorepublicamx.com\/index.php?rest_route=\/wp\/v2\/posts"}],"about":[{"href":"https:\/\/eldiariorepublicamx.com\/index.php?rest_route=\/wp\/v2\/types\/post"}],"author":[{"embeddable":true,"href":"https:\/\/eldiariorepublicamx.com\/index.php?rest_route=\/wp\/v2\/users\/2"}],"replies":[{"embeddable":true,"href":"https:\/\/eldiariorepublicamx.com\/index.php?rest_route=%2Fwp%2Fv2%2Fcomments&post=1131"}],"version-history":[{"count":0,"href":"https:\/\/eldiariorepublicamx.com\/index.php?rest_route=\/wp\/v2\/posts\/1131\/revisions"}],"wp:featuredmedia":[{"embeddable":true,"href":"https:\/\/eldiariorepublicamx.com\/index.php?rest_route=\/wp\/v2\/media\/1132"}],"wp:attachment":[{"href":"https:\/\/eldiariorepublicamx.com\/index.php?rest_route=%2Fwp%2Fv2%2Fmedia&parent=1131"}],"wp:term":[{"taxonomy":"category","embeddable":true,"href":"https:\/\/eldiariorepublicamx.com\/index.php?rest_route=%2Fwp%2Fv2%2Fcategories&post=1131"},{"taxonomy":"post_tag","embeddable":true,"href":"https:\/\/eldiariorepublicamx.com\/index.php?rest_route=%2Fwp%2Fv2%2Ftags&post=1131"}],"curies":[{"name":"wp","href":"https:\/\/api.w.org\/{rel}","templated":true}]}}