{"id":1130,"date":"2026-04-16T08:25:41","date_gmt":"2026-04-16T14:25:41","guid":{"rendered":"https:\/\/eldiariorepublicamx.com\/?p=1130"},"modified":"2026-04-16T08:25:41","modified_gmt":"2026-04-16T14:25:41","slug":"presidenta-sheinbaum-inicia-transmision-en-vivo-de-su-conferencia-matutina-este-miercoles","status":"publish","type":"post","link":"https:\/\/eldiariorepublicamx.com\/?p=1130","title":{"rendered":"Presidenta Sheinbaum inicia transmisi\u00f3n en vivo de su conferencia matutina este mi\u00e9rcoles"},"content":{"rendered":"<p>Este mi\u00e9rcoles 16 de abril de 2026, la presidenta Claudia Sheinbaum Pardo inici\u00f3 la transmisi\u00f3n en vivo de su conferencia de prensa matutina, conocida como la Ma\u00f1anera del Pueblo.<\/p>\n<h3>Evento en desarrollo<\/h3>\n<p>La transmisi\u00f3n se encuentra actualmente en curso, ofreciendo a la ciudadan\u00eda la oportunidad de seguir de manera directa las declaraciones y anuncios de la mandataria.<\/p>\n","protected":false},"excerpt":{"rendered":"<p>Este mi\u00e9rcoles 16 de abril de 2026, la presidenta Claudia Sheinbaum Pardo inici\u00f3 la transmisi\u00f3n en vivo de su conferencia de prensa matutina, conocida como&hellip;<\/p>\n","protected":false},"author":2,"featured_media":0,"comment_status":"open","ping_status":"open","sticky":false,"template":"","format":"standard","meta":{"footnotes":""},"categories":[251],"tags":[426,404,801,288,761],"class_list":["post-1130","post","type-post","status-publish","format-standard","hentry","category-la-mananera-en-breve","tag-conferencia","tag-mananera","tag-presidenta","tag-sheinbaum","tag-transmision"],"_links":{"self":[{"href":"https:\/\/eldiariorepublicamx.com\/index.php?rest_route=\/wp\/v2\/posts\/1130","targetHints":{"allow":["GET"]}}],"collection":[{"href":"https:\/\/eldiariorepublicamx.com\/index.php?rest_route=\/wp\/v2\/posts"}],"about":[{"href":"https:\/\/eldiariorepublicamx.com\/index.php?rest_route=\/wp\/v2\/types\/post"}],"author":[{"embeddable":true,"href":"https:\/\/eldiariorepublicamx.com\/index.php?rest_route=\/wp\/v2\/users\/2"}],"replies":[{"embeddable":true,"href":"https:\/\/eldiariorepublicamx.com\/index.php?rest_route=%2Fwp%2Fv2%2Fcomments&post=1130"}],"version-history":[{"count":0,"href":"https:\/\/eldiariorepublicamx.com\/index.php?rest_route=\/wp\/v2\/posts\/1130\/revisions"}],"wp:attachment":[{"href":"https:\/\/eldiariorepublicamx.com\/index.php?rest_route=%2Fwp%2Fv2%2Fmedia&parent=1130"}],"wp:term":[{"taxonomy":"category","embeddable":true,"href":"https:\/\/eldiariorepublicamx.com\/index.php?rest_route=%2Fwp%2Fv2%2Fcategories&post=1130"},{"taxonomy":"post_tag","embeddable":true,"href":"https:\/\/eldiariorepublicamx.com\/index.php?rest_route=%2Fwp%2Fv2%2Ftags&post=1130"}],"curies":[{"name":"wp","href":"https:\/\/api.w.org\/{rel}","templated":true}]}}