{"id":1126,"date":"2026-04-15T13:46:13","date_gmt":"2026-04-15T19:46:13","guid":{"rendered":"https:\/\/eldiariorepublicamx.com\/?p=1126"},"modified":"2026-04-15T13:46:15","modified_gmt":"2026-04-15T19:46:15","slug":"sheinbaum-unica-lider-latinoamericana-en-el-time-100-la-revista-la-reconoce-como-ejemplo-de-diplomacia-y-liderazgo-global","status":"publish","type":"post","link":"https:\/\/eldiariorepublicamx.com\/?p=1126","title":{"rendered":"Sheinbaum, \u00fanica l\u00edder latinoamericana en el TIME 100: la revista la reconoce como ejemplo de diplomacia y liderazgo global"},"content":{"rendered":"\n<p>La presidenta <strong>Claudia Sheinbaum<\/strong> fue nombrada una de las <strong>100 personas m\u00e1s influyentes del mundo<\/strong> por la revista <strong>Time<\/strong>, convirti\u00e9ndose en la \u00fanica mexicana y la \u00fanica lideresa latinoamericana en un ranking que este a\u00f1o incluye a los presidentes de <strong>Estados Unidos, China, Canad\u00e1 y Jap\u00f3n<\/strong>. El reconocimiento llega respaldado por un perfil que describe su primer a\u00f1o como &#8220;una lecci\u00f3n de diplomacia&#8221;.<\/p>\n\n\n\n<p><strong>\u00bfQu\u00e9 vio Time en el liderazgo de nuestra presidenta?<\/strong><\/p>\n\n\n\n<p>Nuestra presidenta naveg\u00f3 uno de los momentos m\u00e1s complejos para M\u00e9xico en d\u00e9cadas: las amenazas de aranceles e intervenci\u00f3n militar de la <strong>administraci\u00f3n Trump<\/strong>, respondiendo siempre con firmeza y sin buscar la confrontaci\u00f3n. Time la reconoce como &#8220;una de las <strong>l\u00edderes m\u00e1s populares de la regi\u00f3n<\/strong>&#8221; y una historia de \u00e9xito por mezclar <strong>populismo con pragmatismo<\/strong>.<\/p>\n\n\n\n<p><strong>\u00bfQu\u00e9 significa este reconocimiento para M\u00e9xico?<\/strong><\/p>\n\n\n\n<p>Que en un momento en que el mundo mira Am\u00e9rica Latina, la voz que representa a la regi\u00f3n en el ranking m\u00e1s influyente del periodismo global es la de una <strong>mujer mexicana<\/strong>. Nuestra presidenta comparte la categor\u00eda de <strong>L\u00edderes<\/strong> con el <strong>papa Le\u00f3n XIV, Trump, Xi Jinping<\/strong> y <strong>Mark Carney<\/strong>. Una posici\u00f3n que no se gana con declaraciones, sino con resultados.<\/p>\n","protected":false},"excerpt":{"rendered":"<p>La presidenta Claudia Sheinbaum fue nombrada una de las 100 personas m\u00e1s influyentes del mundo por la revista Time, convirti\u00e9ndose en la \u00fanica mexicana y&hellip;<\/p>\n","protected":false},"author":5,"featured_media":1127,"comment_status":"open","ping_status":"open","sticky":false,"template":"","format":"standard","meta":{"footnotes":""},"categories":[251],"tags":[13,404,45,18],"class_list":["post-1126","post","type-post","status-publish","format-standard","has-post-thumbnail","hentry","category-la-mananera-en-breve","tag-claudia-sheinbaum","tag-mananera","tag-mexico","tag-morena"],"_links":{"self":[{"href":"https:\/\/eldiariorepublicamx.com\/index.php?rest_route=\/wp\/v2\/posts\/1126","targetHints":{"allow":["GET"]}}],"collection":[{"href":"https:\/\/eldiariorepublicamx.com\/index.php?rest_route=\/wp\/v2\/posts"}],"about":[{"href":"https:\/\/eldiariorepublicamx.com\/index.php?rest_route=\/wp\/v2\/types\/post"}],"author":[{"embeddable":true,"href":"https:\/\/eldiariorepublicamx.com\/index.php?rest_route=\/wp\/v2\/users\/5"}],"replies":[{"embeddable":true,"href":"https:\/\/eldiariorepublicamx.com\/index.php?rest_route=%2Fwp%2Fv2%2Fcomments&post=1126"}],"version-history":[{"count":1,"href":"https:\/\/eldiariorepublicamx.com\/index.php?rest_route=\/wp\/v2\/posts\/1126\/revisions"}],"predecessor-version":[{"id":1128,"href":"https:\/\/eldiariorepublicamx.com\/index.php?rest_route=\/wp\/v2\/posts\/1126\/revisions\/1128"}],"wp:featuredmedia":[{"embeddable":true,"href":"https:\/\/eldiariorepublicamx.com\/index.php?rest_route=\/wp\/v2\/media\/1127"}],"wp:attachment":[{"href":"https:\/\/eldiariorepublicamx.com\/index.php?rest_route=%2Fwp%2Fv2%2Fmedia&parent=1126"}],"wp:term":[{"taxonomy":"category","embeddable":true,"href":"https:\/\/eldiariorepublicamx.com\/index.php?rest_route=%2Fwp%2Fv2%2Fcategories&post=1126"},{"taxonomy":"post_tag","embeddable":true,"href":"https:\/\/eldiariorepublicamx.com\/index.php?rest_route=%2Fwp%2Fv2%2Ftags&post=1126"}],"curies":[{"name":"wp","href":"https:\/\/api.w.org\/{rel}","templated":true}]}}