{"id":1123,"date":"2026-04-15T13:42:22","date_gmt":"2026-04-15T19:42:22","guid":{"rendered":"https:\/\/eldiariorepublicamx.com\/?p=1123"},"modified":"2026-04-15T13:42:22","modified_gmt":"2026-04-15T19:42:22","slug":"sheinbaum-convoca-a-cientificos-y-universidades-del-pais-para-que-mexico-produzca-su-propio-gas-natural-y-no-dependa-de-otros-paises","status":"publish","type":"post","link":"https:\/\/eldiariorepublicamx.com\/?p=1123","title":{"rendered":"Sheinbaum convoca a cient\u00edficos y universidades del pa\u00eds para que M\u00e9xico produzca su propio gas natural y no dependa de otros pa\u00edses"},"content":{"rendered":"\n<p><strong>El comit\u00e9 cient\u00edfico interinstitucional que investigar\u00e1 c\u00f3mo M\u00e9xico puede producir su propio gas natural fue presentado este mi\u00e9rcoles por nuestra presidenta Claudia Sheinbaum, como parte de su estrategia de soberan\u00eda energ\u00e9tica para reducir la dependencia del pa\u00eds frente al suministro externo.<\/strong><\/p>\n\n\n\n<p><strong>\u00bfPor qu\u00e9 la ciencia, y no el gobierno, toma esta decisi\u00f3n?<\/strong><\/p>\n\n\n\n<p>Porque el modelo que dise\u00f1\u00f3 nuestra presidenta pone la evidencia por encima de la pol\u00edtica. <strong>El comit\u00e9 re\u00fane a los rectores de la UNAM, la UAM y el IPN<\/strong>, junto con especialistas en geolog\u00eda, hidrocarburos, tratamiento de aguas, nanotecnolog\u00eda y geomec\u00e1nica del Instituto Mexicano del Petr\u00f3leo y la Secretar\u00eda de Ciencia. Son investigadores de trayectoria acad\u00e9mica, elegidos precisamente porque su \u00fanico compromiso es con la evidencia. La titular de la Secretar\u00eda de Ciencia, Dra. Rosaura Ruiz, lo subray\u00f3 desde el primer momento: <em>&#8220;No estamos improvisando, estamos aplicando la ciencia para el bienestar social y la protecci\u00f3n de nuestro suelo&#8221;<\/em>.<\/p>\n\n\n\n<p><strong>\u00bfQu\u00e9 significa esto para las familias mexicanas?<\/strong><\/p>\n\n\n\n<p>Que si el comit\u00e9 dictamina que es viable, <strong>M\u00e9xico podr\u00eda dejar de comprarle el 75% de su gas a Estados Unidos y empezar a producirlo en casa<\/strong>, con reglas claras, con tecnolog\u00eda moderna y <strong>con criterios que protejan el agua, el suelo y las comunidades.<\/strong> En dos meses llega el primer dictamen. Nuestra presidenta Claudia Sheinbaum fue directa: el objetivo es la soberan\u00eda energ\u00e9tica del pa\u00eds, y este gobierno la construye con ciencia, no con improvisaci\u00f3n.<\/p>\n","protected":false},"excerpt":{"rendered":"<p>El comit\u00e9 cient\u00edfico interinstitucional que investigar\u00e1 c\u00f3mo M\u00e9xico puede producir su propio gas natural fue presentado este mi\u00e9rcoles por nuestra presidenta Claudia Sheinbaum, como parte&hellip;<\/p>\n","protected":false},"author":5,"featured_media":1124,"comment_status":"open","ping_status":"open","sticky":false,"template":"","format":"standard","meta":{"footnotes":""},"categories":[251],"tags":[13,404,45,18,288],"class_list":["post-1123","post","type-post","status-publish","format-standard","has-post-thumbnail","hentry","category-la-mananera-en-breve","tag-claudia-sheinbaum","tag-mananera","tag-mexico","tag-morena","tag-sheinbaum"],"_links":{"self":[{"href":"https:\/\/eldiariorepublicamx.com\/index.php?rest_route=\/wp\/v2\/posts\/1123","targetHints":{"allow":["GET"]}}],"collection":[{"href":"https:\/\/eldiariorepublicamx.com\/index.php?rest_route=\/wp\/v2\/posts"}],"about":[{"href":"https:\/\/eldiariorepublicamx.com\/index.php?rest_route=\/wp\/v2\/types\/post"}],"author":[{"embeddable":true,"href":"https:\/\/eldiariorepublicamx.com\/index.php?rest_route=\/wp\/v2\/users\/5"}],"replies":[{"embeddable":true,"href":"https:\/\/eldiariorepublicamx.com\/index.php?rest_route=%2Fwp%2Fv2%2Fcomments&post=1123"}],"version-history":[{"count":1,"href":"https:\/\/eldiariorepublicamx.com\/index.php?rest_route=\/wp\/v2\/posts\/1123\/revisions"}],"predecessor-version":[{"id":1125,"href":"https:\/\/eldiariorepublicamx.com\/index.php?rest_route=\/wp\/v2\/posts\/1123\/revisions\/1125"}],"wp:featuredmedia":[{"embeddable":true,"href":"https:\/\/eldiariorepublicamx.com\/index.php?rest_route=\/wp\/v2\/media\/1124"}],"wp:attachment":[{"href":"https:\/\/eldiariorepublicamx.com\/index.php?rest_route=%2Fwp%2Fv2%2Fmedia&parent=1123"}],"wp:term":[{"taxonomy":"category","embeddable":true,"href":"https:\/\/eldiariorepublicamx.com\/index.php?rest_route=%2Fwp%2Fv2%2Fcategories&post=1123"},{"taxonomy":"post_tag","embeddable":true,"href":"https:\/\/eldiariorepublicamx.com\/index.php?rest_route=%2Fwp%2Fv2%2Ftags&post=1123"}],"curies":[{"name":"wp","href":"https:\/\/api.w.org\/{rel}","templated":true}]}}