{"id":1119,"date":"2026-04-15T12:33:47","date_gmt":"2026-04-15T18:33:47","guid":{"rendered":"https:\/\/eldiariorepublicamx.com\/?p=1119"},"modified":"2026-04-15T12:33:47","modified_gmt":"2026-04-15T18:33:47","slug":"directivo-de-la-seleccion-mexicana-garantiza-que-convocados-al-mundial-no-seran-excluidos-de-la-liguilla","status":"publish","type":"post","link":"https:\/\/eldiariorepublicamx.com\/?p=1119","title":{"rendered":"Directivo de la selecci\u00f3n mexicana garantiza que convocados al Mundial no ser\u00e1n excluidos de la Liguilla"},"content":{"rendered":"<p>Duilio Davino, director de selecciones nacionales, asegur\u00f3 que ning\u00fan futbolista convocado para la Copa del Mundo 2026 ser\u00e1 obligado a perderse la fase final del campeonato nacional, la Liguilla, si no est\u00e1 contemplado dentro del plantel que finalmente viajar\u00e1 a la justa mundialista. El funcionario dej\u00f3 clara esta postura durante una conferencia de prensa donde detall\u00f3 el proceso de preparaci\u00f3n del equipo nacional.<\/p>\n<h3>Impacto en los clubes y calendario<\/h3>\n<p>Esta decisi\u00f3n tiene implicaciones directas para los equipos de la Liga MX, que durante los momentos decisivos del torneo podr\u00edan verse afectados por la ausencia de sus jugadores clave. No obstante, desde la Federaci\u00f3n Mexicana de F\u00fatbol se argumenta que se trata de un sacrificio necesario para lograr el m\u00e1ximo rendimiento del combinado nacional en el certamen internacional.<\/p>\n<h3>Fechas clave del proceso<\/h3>\n<p>Davino precis\u00f3 que la lista oficial de convocados ser\u00e1 dada a conocer la semana anterior a la \u00faltima jornada del torneo regular de la liga. &#8220;En la semana previa a la \u00faltima jornada de la Liga MX saldr\u00e1 la lista, y despu\u00e9s de eso tendr\u00e1n unos d\u00edas de descanso e inicia la concentraci\u00f3n el 6 de mayo&#8221;, mencion\u00f3 el directivo.<\/p>\n<p>Tras el anuncio, los jugadores seleccionados tendr\u00e1n un breve periodo de descanso antes de integrarse a la concentraci\u00f3n de la selecci\u00f3n mexicana. Este lapso tiene como objetivo balancear la carga f\u00edsica despu\u00e9s de una extensa temporada y preparar psicol\u00f3gicamente a los futbolistas para el desaf\u00edo que representa el Mundial.<\/p>\n<p>El cuerpo t\u00e9cnico, liderado por Javier Aguirre, seguir\u00e1 este calendario establecido, permitiendo tanto a los clubes como a los propios deportistas anticipar los ajustes necesarios en sus planes.<\/p>\n","protected":false},"excerpt":{"rendered":"<p>Duilio Davino, director de selecciones nacionales, asegur\u00f3 que ning\u00fan futbolista convocado para la Copa del Mundo 2026 ser\u00e1 obligado a perderse la fase final del&hellip;<\/p>\n","protected":false},"author":2,"featured_media":1120,"comment_status":"open","ping_status":"open","sticky":false,"template":"","format":"standard","meta":{"footnotes":""},"categories":[291],"tags":[571,957,958,120,376],"class_list":["post-1119","post","type-post","status-publish","format-standard","has-post-thumbnail","hentry","category-deportes","tag-convocatoria","tag-duilio-davino","tag-liguilla","tag-mundial-2026","tag-seleccion-mexicana"],"_links":{"self":[{"href":"https:\/\/eldiariorepublicamx.com\/index.php?rest_route=\/wp\/v2\/posts\/1119","targetHints":{"allow":["GET"]}}],"collection":[{"href":"https:\/\/eldiariorepublicamx.com\/index.php?rest_route=\/wp\/v2\/posts"}],"about":[{"href":"https:\/\/eldiariorepublicamx.com\/index.php?rest_route=\/wp\/v2\/types\/post"}],"author":[{"embeddable":true,"href":"https:\/\/eldiariorepublicamx.com\/index.php?rest_route=\/wp\/v2\/users\/2"}],"replies":[{"embeddable":true,"href":"https:\/\/eldiariorepublicamx.com\/index.php?rest_route=%2Fwp%2Fv2%2Fcomments&post=1119"}],"version-history":[{"count":0,"href":"https:\/\/eldiariorepublicamx.com\/index.php?rest_route=\/wp\/v2\/posts\/1119\/revisions"}],"wp:featuredmedia":[{"embeddable":true,"href":"https:\/\/eldiariorepublicamx.com\/index.php?rest_route=\/wp\/v2\/media\/1120"}],"wp:attachment":[{"href":"https:\/\/eldiariorepublicamx.com\/index.php?rest_route=%2Fwp%2Fv2%2Fmedia&parent=1119"}],"wp:term":[{"taxonomy":"category","embeddable":true,"href":"https:\/\/eldiariorepublicamx.com\/index.php?rest_route=%2Fwp%2Fv2%2Fcategories&post=1119"},{"taxonomy":"post_tag","embeddable":true,"href":"https:\/\/eldiariorepublicamx.com\/index.php?rest_route=%2Fwp%2Fv2%2Ftags&post=1119"}],"curies":[{"name":"wp","href":"https:\/\/api.w.org\/{rel}","templated":true}]}}