{"id":1110,"date":"2026-04-15T10:26:39","date_gmt":"2026-04-15T16:26:39","guid":{"rendered":"https:\/\/eldiariorepublicamx.com\/?p=1110"},"modified":"2026-04-15T10:26:39","modified_gmt":"2026-04-15T16:26:39","slug":"time-reconoce-a-claudia-sheinbaum-entre-las-100-personalidades-mas-poderosas-del-planeta","status":"publish","type":"post","link":"https:\/\/eldiariorepublicamx.com\/?p=1110","title":{"rendered":"TIME reconoce a Claudia Sheinbaum entre las 100 personalidades m\u00e1s poderosas del planeta"},"content":{"rendered":"<p>La presidenta de M\u00e9xico, Claudia Sheinbaum Pardo, fue seleccionada este 15 de abril de 2026 por la revista TIME para formar parte de su lista anual de las personas m\u00e1s influyentes a nivel mundial.<\/p>\n<h3>Reconocimiento a la gesti\u00f3n y la diplomacia<\/h3>\n<p>El perfil, elaborado por el periodista Ioan Grillo, destaca la forma en que la mandataria ha manejado su primer a\u00f1o completo al frente del Gobierno, enfrentando presiones desde Estados Unidos y retos internos de seguridad. La publicaci\u00f3n resalta su habilidad para navegar las advertencias de aranceles y posibles intervenciones militares por parte de la administraci\u00f3n del presidente estadounidense Donald Trump.<\/p>\n<p>Grillo apunt\u00f3 que Sheinbaum ha mantenido una postura de defensa de la soberan\u00eda nacional con serenidad, evitando confrontaciones directas mientras ejecuta medidas pragm\u00e1ticas en la relaci\u00f3n bilateral con el vecino del norte. <\/p>\n<blockquote><p>\u201cSu respuesta a la ofensiva fue una lecci\u00f3n de diplomacia\u201d<\/p><\/blockquote>\n<p>, afirm\u00f3 el autor respecto a la conducci\u00f3n de la pol\u00edtica exterior mexicana.<\/p>\n<h3>\u00c9xitos en seguridad y posici\u00f3n continental<\/h3>\n<p>En el \u00e1mbito de la seguridad p\u00fablica, TIME enfatiz\u00f3 las operaciones contra grupos criminales dedicados al tr\u00e1fico de fentanilo y personas, incluyendo el desmantelamiento de laboratorios clandestinos. Tambi\u00e9n se mencion\u00f3 como un hito fundamental la captura y custodia de Nemesio Oseguera Cervantes, &#8216;El Mencho&#8217;, lo que ha contribuido a la estabilidad regional y a fortalecer la imagen de autoridad de la presidenta.<\/p>\n<p>El an\u00e1lisis sostiene que Sheinbaum es la \u00fanica l\u00edder de Am\u00e9rica Latina en la lista de 2026, compartiendo espacio con figuras como el papa Le\u00f3n XIV y el propio Donald Trump. Se se\u00f1ala que ha consolidado una identidad pol\u00edtica propia, diferenci\u00e1ndose de su predecesor, Andr\u00e9s Manuel L\u00f3pez Obrador, mediante una mezcla de populismo y pragmatismo que le ha granjeado altos niveles de popularidad.<\/p>\n<h3>Desaf\u00edos pendientes para el gobierno<\/h3>\n<p>No obstante, el reconocimiento tambi\u00e9n apunta los retos estructurales que persisten. El informe menciona que el legado duradero de Sheinbaum depender\u00e1 de su capacidad para reactivar una econom\u00eda mexicana descrita en estancamiento, as\u00ed como de atender la crisis de seguridad y la problem\u00e1tica de las decenas de miles de personas desaparecidas que a\u00fan afectan al pa\u00eds.<\/p>\n","protected":false},"excerpt":{"rendered":"<p>La presidenta de M\u00e9xico, Claudia Sheinbaum Pardo, fue seleccionada este 15 de abril de 2026 por la revista TIME para formar parte de su lista&hellip;<\/p>\n","protected":false},"author":2,"featured_media":1111,"comment_status":"open","ping_status":"open","sticky":false,"template":"","format":"standard","meta":{"footnotes":""},"categories":[53,252],"tags":[13,330,948,42,944],"class_list":["post-1110","post","type-post","status-publish","format-standard","has-post-thumbnail","hentry","category-agenda-internacional","category-agenda-nacional","tag-claudia-sheinbaum","tag-diplomacia","tag-influyentes","tag-seguridad","tag-time"],"_links":{"self":[{"href":"https:\/\/eldiariorepublicamx.com\/index.php?rest_route=\/wp\/v2\/posts\/1110","targetHints":{"allow":["GET"]}}],"collection":[{"href":"https:\/\/eldiariorepublicamx.com\/index.php?rest_route=\/wp\/v2\/posts"}],"about":[{"href":"https:\/\/eldiariorepublicamx.com\/index.php?rest_route=\/wp\/v2\/types\/post"}],"author":[{"embeddable":true,"href":"https:\/\/eldiariorepublicamx.com\/index.php?rest_route=\/wp\/v2\/users\/2"}],"replies":[{"embeddable":true,"href":"https:\/\/eldiariorepublicamx.com\/index.php?rest_route=%2Fwp%2Fv2%2Fcomments&post=1110"}],"version-history":[{"count":0,"href":"https:\/\/eldiariorepublicamx.com\/index.php?rest_route=\/wp\/v2\/posts\/1110\/revisions"}],"wp:featuredmedia":[{"embeddable":true,"href":"https:\/\/eldiariorepublicamx.com\/index.php?rest_route=\/wp\/v2\/media\/1111"}],"wp:attachment":[{"href":"https:\/\/eldiariorepublicamx.com\/index.php?rest_route=%2Fwp%2Fv2%2Fmedia&parent=1110"}],"wp:term":[{"taxonomy":"category","embeddable":true,"href":"https:\/\/eldiariorepublicamx.com\/index.php?rest_route=%2Fwp%2Fv2%2Fcategories&post=1110"},{"taxonomy":"post_tag","embeddable":true,"href":"https:\/\/eldiariorepublicamx.com\/index.php?rest_route=%2Fwp%2Fv2%2Ftags&post=1110"}],"curies":[{"name":"wp","href":"https:\/\/api.w.org\/{rel}","templated":true}]}}