{"id":1104,"date":"2026-04-15T10:26:29","date_gmt":"2026-04-15T16:26:29","guid":{"rendered":"https:\/\/eldiariorepublicamx.com\/?p=1104"},"modified":"2026-04-15T10:26:29","modified_gmt":"2026-04-15T16:26:29","slug":"claudia-sheinbaum-reconocida-por-segunda-vez-como-una-de-las-personalidades-mas-influyentes-del-mundo-por-la-revista-time","status":"publish","type":"post","link":"https:\/\/eldiariorepublicamx.com\/?p=1104","title":{"rendered":"Claudia Sheinbaum reconocida por segunda vez como una de las personalidades m\u00e1s influyentes del mundo por la revista Time"},"content":{"rendered":"<p>La presidenta de M\u00e9xico, Claudia Sheinbaum, fue seleccionada nuevamente por la revista Time para integrar su listado anual de las 100 personas m\u00e1s influyentes del planeta, correspondiente al a\u00f1o 2026.<\/p>\n<h3>Reconocimiento internacional al liderazgo<\/h3>\n<p>Por segundo a\u00f1o consecutivo, la mandataria mexicana aparece en la secci\u00f3n de &#8216;L\u00edderes&#8217; de la publicaci\u00f3n estadounidense con sede en Nueva York, siendo en esta ocasi\u00f3n la \u00fanica representante de Latinoam\u00e9rica en alcanzar dicha distinci\u00f3n.<\/p>\n<p>El reporte, elaborado por el periodista Ioan Grillo, subraya los desaf\u00edos que Sheinbaum enfrent\u00f3 durante su primer a\u00f1o al frente del gobierno federal.<\/p>\n<h3>Logros destacados en el perfil<\/h3>\n<p>El texto resalta que la presidenta respondi\u00f3 con una &#8216;clase en diplomacia&#8217; a las imposiciones arancelarias y presiones militares de Donald Trump, as\u00ed como a la amenaza de los grupos delictivos dedicados a la producci\u00f3n de fentanilo y el tr\u00e1fico de personas, adem\u00e1s de quienes suger\u00edan que ser\u00eda opacada por su predecesor, Andr\u00e9s Manuel L\u00f3pez Obrador.<\/p>\n<p>Tambi\u00e9n se menciona su estrategia de combate al crimen organizado, que incluy\u00f3 la extradici\u00f3n de cabecillas a Estados Unidos, el desmantelamiento de laboratorios clandestinos y la captura de Nemesio Oseguera Cervantes, &#8216;El Mencho&#8217;.<\/p>\n<blockquote><p>&#8220;Estos triunfos la convirtieron en una de las l\u00edderes m\u00e1s populares de la regi\u00f3n y en un ejemplo de \u00e9xito por combinar el populismo con el pragmatismo&#8221;,<\/p><\/blockquote>\n<p>se\u00f1ala el perfil, el cual tambi\u00e9n apunta que M\u00e9xico a\u00fan debe enfrentar una econom\u00eda estancada, un aumento en la delincuencia y la persistente problem\u00e1tica de las desapariciones.<\/p>\n<h3>Otros l\u00edderes en la lista<\/h3>\n<p>La lista de Time para 2026 incluye a otras figuras globales como el papa Le\u00f3n XIV; Marco Rubio, secretario de Estado de Estados Unidos; Donald Trump, presidente de Estados Unidos; Mark Carney, primer ministro de Canad\u00e1; Benjam\u00edn Netanyahu, primer ministro de Israel, y Sanae Takaichi, primera ministra de Jap\u00f3n.<\/p>\n<p>En la edici\u00f3n del a\u00f1o pasado, Sheinbaum hab\u00eda sido incluida tras seis meses en la presidencia, donde se destac\u00f3 su estilo de liderazgo de &#8216;cabeza fr\u00eda&#8217; y su habilidad para ganarse &#8216;alg\u00fan respeto a rega\u00f1adientes&#8217; del entonces presidente estadounidense en las negociaciones transfronterizas.<\/p>\n","protected":false},"excerpt":{"rendered":"<p>La presidenta de M\u00e9xico, Claudia Sheinbaum, fue seleccionada nuevamente por la revista Time para integrar su listado anual de las 100 personas m\u00e1s influyentes del&hellip;<\/p>\n","protected":false},"author":2,"featured_media":1105,"comment_status":"open","ping_status":"open","sticky":false,"template":"","format":"standard","meta":{"footnotes":""},"categories":[252,290],"tags":[13,948,947,45,944],"class_list":["post-1104","post","type-post","status-publish","format-standard","has-post-thumbnail","hentry","category-agenda-nacional","category-sociedad-y-cultura","tag-claudia-sheinbaum","tag-influyentes","tag-lideres","tag-mexico","tag-time"],"_links":{"self":[{"href":"https:\/\/eldiariorepublicamx.com\/index.php?rest_route=\/wp\/v2\/posts\/1104","targetHints":{"allow":["GET"]}}],"collection":[{"href":"https:\/\/eldiariorepublicamx.com\/index.php?rest_route=\/wp\/v2\/posts"}],"about":[{"href":"https:\/\/eldiariorepublicamx.com\/index.php?rest_route=\/wp\/v2\/types\/post"}],"author":[{"embeddable":true,"href":"https:\/\/eldiariorepublicamx.com\/index.php?rest_route=\/wp\/v2\/users\/2"}],"replies":[{"embeddable":true,"href":"https:\/\/eldiariorepublicamx.com\/index.php?rest_route=%2Fwp%2Fv2%2Fcomments&post=1104"}],"version-history":[{"count":0,"href":"https:\/\/eldiariorepublicamx.com\/index.php?rest_route=\/wp\/v2\/posts\/1104\/revisions"}],"wp:featuredmedia":[{"embeddable":true,"href":"https:\/\/eldiariorepublicamx.com\/index.php?rest_route=\/wp\/v2\/media\/1105"}],"wp:attachment":[{"href":"https:\/\/eldiariorepublicamx.com\/index.php?rest_route=%2Fwp%2Fv2%2Fmedia&parent=1104"}],"wp:term":[{"taxonomy":"category","embeddable":true,"href":"https:\/\/eldiariorepublicamx.com\/index.php?rest_route=%2Fwp%2Fv2%2Fcategories&post=1104"},{"taxonomy":"post_tag","embeddable":true,"href":"https:\/\/eldiariorepublicamx.com\/index.php?rest_route=%2Fwp%2Fv2%2Ftags&post=1104"}],"curies":[{"name":"wp","href":"https:\/\/api.w.org\/{rel}","templated":true}]}}