{"id":1102,"date":"2026-04-15T10:26:25","date_gmt":"2026-04-15T16:26:25","guid":{"rendered":"https:\/\/eldiariorepublicamx.com\/?p=1102"},"modified":"2026-04-15T10:26:25","modified_gmt":"2026-04-15T16:26:25","slug":"claudia-sheinbaum-incluida-en-la-lista-de-las-100-personas-mas-influyentes-de-la-revista-time","status":"publish","type":"post","link":"https:\/\/eldiariorepublicamx.com\/?p=1102","title":{"rendered":"Claudia Sheinbaum incluida en la lista de las 100 personas m\u00e1s influyentes de la revista Time"},"content":{"rendered":"<p>La presidenta de M\u00e9xico, Claudia Sheinbaum, fue reconocida este mi\u00e9rcoles por la revista internacional Time como una de las 100 personas m\u00e1s influyentes del a\u00f1o. La mandataria fue la \u00fanica l\u00edder latinoamericana incluida en la selecci\u00f3n, figurando en la categor\u00eda de &#8216;L\u00edderes&#8217; junto a otros jefes de Estado como Donald Trump de Estados Unidos y Xi Jinping de China.<\/p>\n<h3>Reconocimiento a la gesti\u00f3n diplom\u00e1tica<\/h3>\n<p>La publicaci\u00f3n destac\u00f3 que Sheinbaum ha dado &#8220;una lecci\u00f3n de diplomacia&#8221; desde su inicio en el cargo en octubre de 2024, enfrentando presiones que incluyen las &#8220;amenazas&#8221; de Trump de imponer aranceles y hasta bombardear territorio mexicano. El perfil, escrito por el periodista Ioan Grillo, resalta que la gobernante es &#8220;una de los l\u00edderes m\u00e1s populares de la regi\u00f3n&#8221;.<\/p>\n<h3>Enfrentamiento al crimen y defensa de la soberan\u00eda<\/h3>\n<p>El texto tambi\u00e9n subraya su manejo frente a los &#8220;violentos g\u00e1nsteres&#8221; que trafican fentanilo y migrantes en la frontera. <\/p>\n<blockquote><p>&#8220;Ella golpe\u00f3 duro a los carteles, realiz\u00f3 redadas en laboratorios, transfiri\u00f3 a sus jefes a la custodia de EE.UU. y derrib\u00f3 al capo \u2018El Mencho\u2019, ayudando a evitar una intervenci\u00f3n estadounidense m\u00e1s agresiva. Ella habl\u00f3 con calma en defensa de la soberan\u00eda mexicana mientras eludi\u00f3 la confrontaci\u00f3n&#8221;,<\/p><\/blockquote>\n<p> expuso Grillo. Se menciona que super\u00f3 las cr\u00edticas de quienes argumentaban que ser\u00eda &#8220;opacada&#8221; por su antecesor, Andr\u00e9s Manuel L\u00f3pez Obrador.<\/p>\n<p>Estas acciones, descritas como &#8220;victorias&#8221;, la han posicionado seg\u00fan la revista como una &#8220;historia de \u00e9xito por mezclar populismo con pragmatismo&#8221;. No obstante, la nota tambi\u00e9n advierte sobre desaf\u00edos pendientes, como una econom\u00eda &#8220;lenta&#8221;, la persistencia del crimen y la crisis de miles de desaparecidos.<\/p>\n<h3>Compa\u00f1\u00eda de otros l\u00edderes mundiales<\/h3>\n<p>En la misma categor\u00eda de &#8216;L\u00edderes&#8217;, Sheinbaum comparte lugar con otras figuras globales como el papa Le\u00f3n XIV, el primer ministro canadiense Mark Carney, la mandataria japonesa Sanae Takaichi, el primer ministro israel\u00ed Benjam\u00edn Netanyahu, la presidenta namibia Netumbo Nandi-Ndaitwah y la primera ministra danesa Mette Frederiksen.<\/p>\n","protected":false},"excerpt":{"rendered":"<p>La presidenta de M\u00e9xico, Claudia Sheinbaum, fue reconocida este mi\u00e9rcoles por la revista internacional Time como una de las 100 personas m\u00e1s influyentes del a\u00f1o.&hellip;<\/p>\n","protected":false},"author":2,"featured_media":1103,"comment_status":"open","ping_status":"open","sticky":false,"template":"","format":"standard","meta":{"footnotes":""},"categories":[53,252],"tags":[13,330,948,944,474],"class_list":["post-1102","post","type-post","status-publish","format-standard","has-post-thumbnail","hentry","category-agenda-internacional","category-agenda-nacional","tag-claudia-sheinbaum","tag-diplomacia","tag-influyentes","tag-time","tag-trump"],"_links":{"self":[{"href":"https:\/\/eldiariorepublicamx.com\/index.php?rest_route=\/wp\/v2\/posts\/1102","targetHints":{"allow":["GET"]}}],"collection":[{"href":"https:\/\/eldiariorepublicamx.com\/index.php?rest_route=\/wp\/v2\/posts"}],"about":[{"href":"https:\/\/eldiariorepublicamx.com\/index.php?rest_route=\/wp\/v2\/types\/post"}],"author":[{"embeddable":true,"href":"https:\/\/eldiariorepublicamx.com\/index.php?rest_route=\/wp\/v2\/users\/2"}],"replies":[{"embeddable":true,"href":"https:\/\/eldiariorepublicamx.com\/index.php?rest_route=%2Fwp%2Fv2%2Fcomments&post=1102"}],"version-history":[{"count":0,"href":"https:\/\/eldiariorepublicamx.com\/index.php?rest_route=\/wp\/v2\/posts\/1102\/revisions"}],"wp:featuredmedia":[{"embeddable":true,"href":"https:\/\/eldiariorepublicamx.com\/index.php?rest_route=\/wp\/v2\/media\/1103"}],"wp:attachment":[{"href":"https:\/\/eldiariorepublicamx.com\/index.php?rest_route=%2Fwp%2Fv2%2Fmedia&parent=1102"}],"wp:term":[{"taxonomy":"category","embeddable":true,"href":"https:\/\/eldiariorepublicamx.com\/index.php?rest_route=%2Fwp%2Fv2%2Fcategories&post=1102"},{"taxonomy":"post_tag","embeddable":true,"href":"https:\/\/eldiariorepublicamx.com\/index.php?rest_route=%2Fwp%2Fv2%2Ftags&post=1102"}],"curies":[{"name":"wp","href":"https:\/\/api.w.org\/{rel}","templated":true}]}}