{"id":1098,"date":"2026-04-15T10:26:21","date_gmt":"2026-04-15T16:26:21","guid":{"rendered":"https:\/\/eldiariorepublicamx.com\/?p=1098"},"modified":"2026-04-15T10:26:21","modified_gmt":"2026-04-15T16:26:21","slug":"rectores-de-universidades-publicas-respaldan-estudio-sobre-fracking-sustentable-en-la-conferencia-matutina","status":"publish","type":"post","link":"https:\/\/eldiariorepublicamx.com\/?p=1098","title":{"rendered":"Rectores de universidades p\u00fablicas respaldan estudio sobre fracking sustentable en la conferencia matutina"},"content":{"rendered":"<p>Durante su conferencia de prensa matutina en Palacio Nacional, la presidenta Claudia Sheinbaum recibi\u00f3 este martes 15 de abril a los rectores de tres de las principales instituciones de educaci\u00f3n superior del pa\u00eds, quienes manifestaron su apoyo al proyecto gubernamental de investigaci\u00f3n sobre t\u00e9cnicas de extracci\u00f3n de gas natural.<\/p>\n<h3>Participaci\u00f3n acad\u00e9mica en pol\u00edtica energ\u00e9tica<\/h3>\n<p>Las m\u00e1ximas autoridades de la Universidad Nacional Aut\u00f3noma de M\u00e9xico (UNAM), la Universidad Aut\u00f3noma Metropolitana (UAM) y el Instituto Polit\u00e9cnico Nacional (IPN) agradecieron la invitaci\u00f3n para colaborar en los estudios sobre la implementaci\u00f3n de un fracking sustentable.<\/p>\n<p>Esta iniciativa, promovida por el Gobierno de M\u00e9xico, tiene como objetivo principal la producci\u00f3n nacional de gas natural utilizando tecnolog\u00edas que minimicen el impacto ambiental y que sean financieramente viables.<\/p>\n","protected":false},"excerpt":{"rendered":"<p>Durante su conferencia de prensa matutina en Palacio Nacional, la presidenta Claudia Sheinbaum recibi\u00f3 este martes 15 de abril a los rectores de tres de&hellip;<\/p>\n","protected":false},"author":2,"featured_media":1099,"comment_status":"open","ping_status":"open","sticky":false,"template":"","format":"standard","meta":{"footnotes":""},"categories":[251],"tags":[13,806,943,941,942],"class_list":["post-1098","post","type-post","status-publish","format-standard","has-post-thumbnail","hentry","category-la-mananera-en-breve","tag-claudia-sheinbaum","tag-fracking","tag-ipn","tag-rectores","tag-unam"],"_links":{"self":[{"href":"https:\/\/eldiariorepublicamx.com\/index.php?rest_route=\/wp\/v2\/posts\/1098","targetHints":{"allow":["GET"]}}],"collection":[{"href":"https:\/\/eldiariorepublicamx.com\/index.php?rest_route=\/wp\/v2\/posts"}],"about":[{"href":"https:\/\/eldiariorepublicamx.com\/index.php?rest_route=\/wp\/v2\/types\/post"}],"author":[{"embeddable":true,"href":"https:\/\/eldiariorepublicamx.com\/index.php?rest_route=\/wp\/v2\/users\/2"}],"replies":[{"embeddable":true,"href":"https:\/\/eldiariorepublicamx.com\/index.php?rest_route=%2Fwp%2Fv2%2Fcomments&post=1098"}],"version-history":[{"count":0,"href":"https:\/\/eldiariorepublicamx.com\/index.php?rest_route=\/wp\/v2\/posts\/1098\/revisions"}],"wp:featuredmedia":[{"embeddable":true,"href":"https:\/\/eldiariorepublicamx.com\/index.php?rest_route=\/wp\/v2\/media\/1099"}],"wp:attachment":[{"href":"https:\/\/eldiariorepublicamx.com\/index.php?rest_route=%2Fwp%2Fv2%2Fmedia&parent=1098"}],"wp:term":[{"taxonomy":"category","embeddable":true,"href":"https:\/\/eldiariorepublicamx.com\/index.php?rest_route=%2Fwp%2Fv2%2Fcategories&post=1098"},{"taxonomy":"post_tag","embeddable":true,"href":"https:\/\/eldiariorepublicamx.com\/index.php?rest_route=%2Fwp%2Fv2%2Ftags&post=1098"}],"curies":[{"name":"wp","href":"https:\/\/api.w.org\/{rel}","templated":true}]}}