{"id":1095,"date":"2026-04-14T14:57:32","date_gmt":"2026-04-14T20:57:32","guid":{"rendered":"https:\/\/eldiariorepublicamx.com\/?p=1095"},"modified":"2026-04-14T14:57:32","modified_gmt":"2026-04-14T20:57:32","slug":"sheinbaum-arranca-la-primera-escuela-de-mandos-del-pais-policias-mejor-formados-para-un-mexico-mas-seguro","status":"publish","type":"post","link":"https:\/\/eldiariorepublicamx.com\/?p=1095","title":{"rendered":"Sheinbaum arranca la primera Escuela de Mandos del pa\u00eds: polic\u00edas mejor formados para un M\u00e9xico m\u00e1s seguro"},"content":{"rendered":"\n<p>Nuestra presidenta <strong>Claudia Sheinbaum<\/strong> puso en marcha este martes la primera <strong>Escuela para Mandos<\/strong> del pa\u00eds, dentro de la <strong>Academia Nacional de Seguridad P\u00fablica<\/strong>, para profesionalizar a los secretarios de seguridad y jefes policiales de los estados y municipios de M\u00e9xico.&nbsp;<\/p>\n\n\n\n<p>La escuela llena un hueco que el sistema de seguridad arrastraba desde hace d\u00e9cadas: hasta hoy, no exist\u00eda en el pa\u00eds una instituci\u00f3n dedicada a formar con criterios homog\u00e9neos a quienes toman las decisiones m\u00e1s cr\u00edticas en materia de seguridad.<\/p>\n\n\n\n<p><strong>\u00bfQu\u00e9 cambia para las familias cuando los mandos policiales est\u00e1n mejor formados?<\/strong> Un secretario de seguridad bien formado sabe c\u00f3mo coordinar a sus fuerzas, c\u00f3mo tomar decisiones en campo con criterio estrat\u00e9gico, c\u00f3mo trabajar en conjunto con las instituciones federales y c\u00f3mo atender los factores que generan la violencia, no solo sus s\u00edntomas.&nbsp;<\/p>\n\n\n\n<p>Eso se traduce en respuestas m\u00e1s r\u00e1pidas, operativos m\u00e1s efectivos y polic\u00edas que act\u00faan con <strong>honestidad<\/strong> y apego a los <strong>derechos humanos<\/strong>. Para las familias que salen a trabajar cada d\u00eda, eso importa en la vida cotidiana.<\/p>\n\n\n\n<p><strong>\u00bfQu\u00e9 tiene de in\u00e9dito este modelo de formaci\u00f3n?<\/strong> Por primera vez en M\u00e9xico, una sola instituci\u00f3n re\u00fane a elementos de <strong>Defensa, Marina, Guardia Nacional, SSPC, Centro Nacional de Inteligencia y FGR<\/strong> para formarse con los mismos criterios y construir una visi\u00f3n compartida de la seguridad.&nbsp;<\/p>\n\n\n\n<p>El programa, de <strong>cinco semanas<\/strong>, cubre <strong>planeaci\u00f3n estrat\u00e9gica<\/strong>, <strong>habilidades directivas<\/strong>, <strong>coordinaci\u00f3n interinstitucional<\/strong> y <strong>visi\u00f3n conjunta<\/strong>. Son <strong>34 elementos<\/strong> en esta primera generaci\u00f3n, y est\u00e1 dise\u00f1ado para extenderse a corporaciones estatales y fiscal\u00edas de todo el pa\u00eds.<\/p>\n\n\n\n<p>Nuestra presidenta <strong>Claudia Sheinbaum<\/strong> lo resumi\u00f3 con una frase que define la apuesta: &#8220;Vamos a formar a los mejores secretarios de seguridad en los estados y en los municipios&#8221;. Una escuela que nace hoy para que la seguridad que merecen las familias mexicanas no dependa del azar ni de la improvisaci\u00f3n.<\/p>\n","protected":false},"excerpt":{"rendered":"<p>Nuestra presidenta Claudia Sheinbaum puso en marcha este martes la primera Escuela para Mandos del pa\u00eds, dentro de la Academia Nacional de Seguridad P\u00fablica, para&hellip;<\/p>\n","protected":false},"author":5,"featured_media":1096,"comment_status":"open","ping_status":"open","sticky":false,"template":"","format":"standard","meta":{"footnotes":""},"categories":[251],"tags":[13,404,45,18],"class_list":["post-1095","post","type-post","status-publish","format-standard","has-post-thumbnail","hentry","category-la-mananera-en-breve","tag-claudia-sheinbaum","tag-mananera","tag-mexico","tag-morena"],"_links":{"self":[{"href":"https:\/\/eldiariorepublicamx.com\/index.php?rest_route=\/wp\/v2\/posts\/1095","targetHints":{"allow":["GET"]}}],"collection":[{"href":"https:\/\/eldiariorepublicamx.com\/index.php?rest_route=\/wp\/v2\/posts"}],"about":[{"href":"https:\/\/eldiariorepublicamx.com\/index.php?rest_route=\/wp\/v2\/types\/post"}],"author":[{"embeddable":true,"href":"https:\/\/eldiariorepublicamx.com\/index.php?rest_route=\/wp\/v2\/users\/5"}],"replies":[{"embeddable":true,"href":"https:\/\/eldiariorepublicamx.com\/index.php?rest_route=%2Fwp%2Fv2%2Fcomments&post=1095"}],"version-history":[{"count":1,"href":"https:\/\/eldiariorepublicamx.com\/index.php?rest_route=\/wp\/v2\/posts\/1095\/revisions"}],"predecessor-version":[{"id":1097,"href":"https:\/\/eldiariorepublicamx.com\/index.php?rest_route=\/wp\/v2\/posts\/1095\/revisions\/1097"}],"wp:featuredmedia":[{"embeddable":true,"href":"https:\/\/eldiariorepublicamx.com\/index.php?rest_route=\/wp\/v2\/media\/1096"}],"wp:attachment":[{"href":"https:\/\/eldiariorepublicamx.com\/index.php?rest_route=%2Fwp%2Fv2%2Fmedia&parent=1095"}],"wp:term":[{"taxonomy":"category","embeddable":true,"href":"https:\/\/eldiariorepublicamx.com\/index.php?rest_route=%2Fwp%2Fv2%2Fcategories&post=1095"},{"taxonomy":"post_tag","embeddable":true,"href":"https:\/\/eldiariorepublicamx.com\/index.php?rest_route=%2Fwp%2Fv2%2Ftags&post=1095"}],"curies":[{"name":"wp","href":"https:\/\/api.w.org\/{rel}","templated":true}]}}