{"id":1092,"date":"2026-04-14T14:25:27","date_gmt":"2026-04-14T20:25:27","guid":{"rendered":"https:\/\/eldiariorepublicamx.com\/?p=1092"},"modified":"2026-04-14T14:25:28","modified_gmt":"2026-04-14T20:25:28","slug":"sheinbaum-consolida-la-reduccion-historica-de-homicidios-en-mexico-con-una-estrategia-de-seguridad-que-si-funciona","status":"publish","type":"post","link":"https:\/\/eldiariorepublicamx.com\/?p=1092","title":{"rendered":"Sheinbaum consolida la reducci\u00f3n hist\u00f3rica de homicidios en M\u00e9xico con una estrategia de seguridad que si funciona"},"content":{"rendered":"\n<p>El <strong>primer trimestre de 2026<\/strong> marc\u00f3 el nivel m\u00e1s bajo de <strong>homicidios dolosos<\/strong> en 10 a\u00f1os. La presidenta <strong>Claudia Sheinbaum<\/strong> lo present\u00f3 hoy en la ma\u00f1anera con una comparativa que explica la tendencia: con el PRIAN la violencia subi\u00f3, con AMLO empez\u00f3 a revertirse, y con su gobierno la reducci\u00f3n lleg\u00f3 al <strong>45%<\/strong>, un resultado que se siente en la vida cotidiana de las familias mexicanas.<\/p>\n\n\n\n<p><strong>\u00bfQu\u00e9 cambi\u00f3 con este gobierno respecto a los anteriores?<\/strong>&nbsp;<\/p>\n\n\n\n<p>La historia reciente del pa\u00eds en materia de seguridad tiene un patr\u00f3n claro. Con <strong>Calder\u00f3n<\/strong>, la violencia creci\u00f3 de forma sostenida hasta alcanzar un incremento de <strong>148 por ciento<\/strong>; los homicidios subieron m\u00e1s de <strong>40 por ciento<\/strong> durante el sexenio de <strong>Pe\u00f1a Nieto<\/strong>. Con AMLO lleg\u00f3 un punto de inflexi\u00f3n importante: por primera vez en a\u00f1os, la tendencia se revirti\u00f3 y los homicidios bajaron.&nbsp;<\/p>\n\n\n\n<p>Nuestra presidenta sigui\u00f3 ese camino y lo aceler\u00f3: una reducci\u00f3n del <strong>45 por ciento<\/strong> desde el inicio de su administraci\u00f3n, m\u00e1s del cu\u00e1druple de lo que logr\u00f3 el gobierno anterior en todo su sexenio.<\/p>\n\n\n\n<p>De septiembre de 2024 a marzo de 2026, el promedio diario de homicidios baj\u00f3 <strong>41%<\/strong>, lo que representa <strong>35 homicidios menos por d\u00eda<\/strong>.<\/p>\n\n\n\n<p><strong>\u00bfQu\u00e9 tiene de diferente la estrategia de seguridad de nuestra presidenta?<\/strong>&nbsp;<\/p>\n\n\n\n<p>El modelo de nuestra presidenta <strong>Claudia Sheinbaum<\/strong> parte de una premisa que los gobiernos anteriores ignoraron: la violencia tiene causas, y si no se atienden, cualquier estrategia de seguridad tiene un techo.&nbsp;<\/p>\n\n\n\n<p>Por eso la estrategia combina el trabajo del <strong>gabinete de seguridad<\/strong>, coordinado, profesional, con presencia permanente en campo, con acciones de fondo: <strong>jornadas de paz<\/strong> en las comunidades m\u00e1s vulnerables, atenci\u00f3n a j\u00f3venes, empleo, educaci\u00f3n.<\/p>\n\n\n\n<p>Para las familias que cada d\u00eda salen a trabajar, llevan a sus hijos a la escuela y vuelven a casa, esta tendencia importa. Significa que el esfuerzo del gobierno se est\u00e1 sintiendo donde tiene que sentirse: en la calle, en el barrio, en la vida cotidiana.<\/p>\n","protected":false},"excerpt":{"rendered":"<p>El primer trimestre de 2026 marc\u00f3 el nivel m\u00e1s bajo de homicidios dolosos en 10 a\u00f1os. La presidenta Claudia Sheinbaum lo present\u00f3 hoy en la&hellip;<\/p>\n","protected":false},"author":5,"featured_media":1093,"comment_status":"open","ping_status":"open","sticky":false,"template":"","format":"standard","meta":{"footnotes":""},"categories":[251],"tags":[13,404,45,18],"class_list":["post-1092","post","type-post","status-publish","format-standard","has-post-thumbnail","hentry","category-la-mananera-en-breve","tag-claudia-sheinbaum","tag-mananera","tag-mexico","tag-morena"],"_links":{"self":[{"href":"https:\/\/eldiariorepublicamx.com\/index.php?rest_route=\/wp\/v2\/posts\/1092","targetHints":{"allow":["GET"]}}],"collection":[{"href":"https:\/\/eldiariorepublicamx.com\/index.php?rest_route=\/wp\/v2\/posts"}],"about":[{"href":"https:\/\/eldiariorepublicamx.com\/index.php?rest_route=\/wp\/v2\/types\/post"}],"author":[{"embeddable":true,"href":"https:\/\/eldiariorepublicamx.com\/index.php?rest_route=\/wp\/v2\/users\/5"}],"replies":[{"embeddable":true,"href":"https:\/\/eldiariorepublicamx.com\/index.php?rest_route=%2Fwp%2Fv2%2Fcomments&post=1092"}],"version-history":[{"count":1,"href":"https:\/\/eldiariorepublicamx.com\/index.php?rest_route=\/wp\/v2\/posts\/1092\/revisions"}],"predecessor-version":[{"id":1094,"href":"https:\/\/eldiariorepublicamx.com\/index.php?rest_route=\/wp\/v2\/posts\/1092\/revisions\/1094"}],"wp:featuredmedia":[{"embeddable":true,"href":"https:\/\/eldiariorepublicamx.com\/index.php?rest_route=\/wp\/v2\/media\/1093"}],"wp:attachment":[{"href":"https:\/\/eldiariorepublicamx.com\/index.php?rest_route=%2Fwp%2Fv2%2Fmedia&parent=1092"}],"wp:term":[{"taxonomy":"category","embeddable":true,"href":"https:\/\/eldiariorepublicamx.com\/index.php?rest_route=%2Fwp%2Fv2%2Fcategories&post=1092"},{"taxonomy":"post_tag","embeddable":true,"href":"https:\/\/eldiariorepublicamx.com\/index.php?rest_route=%2Fwp%2Fv2%2Ftags&post=1092"}],"curies":[{"name":"wp","href":"https:\/\/api.w.org\/{rel}","templated":true}]}}