{"id":1083,"date":"2026-04-14T10:27:59","date_gmt":"2026-04-14T16:27:59","guid":{"rendered":"https:\/\/eldiariorepublicamx.com\/?p=1083"},"modified":"2026-04-14T10:27:59","modified_gmt":"2026-04-14T16:27:59","slug":"sheinbaum-llama-a-productores-y-gasolineros-a-no-abusar-de-la-inflacion-durante-la-conferencia-matutina","status":"publish","type":"post","link":"https:\/\/eldiariorepublicamx.com\/?p=1083","title":{"rendered":"Sheinbaum llama a productores y gasolineros a no abusar de la inflaci\u00f3n durante la conferencia matutina"},"content":{"rendered":"<p>La presidenta Claudia Sheinbaum alert\u00f3 durante su conferencia de prensa ma\u00f1anera que nadie debe aprovecharse de la crisis inflacionaria para elevar los precios de productos b\u00e1sicos como el jitomate o la carne, mientras su gobierno destina recursos para contener los costos de los combustibles. Aunque anunci\u00f3 reuniones para esta semana con representantes de esos sectores, delegaciones acudieron por separado a Palacio Nacional el mismo lunes por la tarde, sin ofrecer declaraciones al salir.<\/p>\n<h3>Est\u00edmulos fiscales para proteger el bolsillo<\/h3>\n<p>Sheinbaum afirm\u00f3 que la administraci\u00f3n federal aplica un est\u00edmulo fiscal que mantiene el precio de la gasolina Magna por debajo de 24 pesos y el di\u00e9sel en 28.28 pesos, con un costo semanal de 5 mil millones de pesos para las arcas p\u00fablicas. &#8220;Si no estuvi\u00e9ramos interviniendo para apoyar el costo de los combustibles, la gasolina (Magna) estar\u00eda en m\u00e1s de 30 pesos el litro y el di\u00e9sel sobre 32 (o) 33&#8221;, se\u00f1al\u00f3.<\/p>\n<h3>Vigilancia y llamado a la corresponsabilidad<\/h3>\n<p>La mandataria advirti\u00f3 que la Procuradur\u00eda Federal del Consumidor exhibir\u00e1 con mantas a las gasoliner\u00edas que cobren por encima de los acuerdos con el gobierno federal. Reconoci\u00f3 que el conflicto en Medio Oriente, que elev\u00f3 el precio del petr\u00f3leo por encima de los 100 d\u00f3lares por barril, ha impactado el costo de algunos alimentos, pero subray\u00f3 que su administraci\u00f3n ha eliminado impuestos relacionados con los combustibles.<\/p>\n<h3>Reuni\u00f3n para frenar abusos<\/h3>\n<p>&#8220;Vamos a tener una reuni\u00f3n con la finalidad de que, entre todos, hagamos un esfuerzo muy grande para que no suban no s\u00f3lo los productos que est\u00e1n en la canasta del Pacic, sino otros, como fruta, verdura, legumbres&#8221;, expres\u00f3. Enfatiz\u00f3 que aunque puedan existir razones temporales para ciertos ajustes, &#8220;nadie se debe aprovechar de la situaci\u00f3n actual del valor de los combustibles. \u00a1Nadie! Debemos apoyar a las familias y su econom\u00eda&#8221;.<\/p>\n<h3>Austeridad para sostener el apoyo<\/h3>\n<p>Al ser cuestionada sobre cu\u00e1nto tiempo podr\u00e1 sostenerse este esfuerzo de apoyo ante una guerra prolongada, Sheinbaum respondi\u00f3 que se mantendr\u00e1, lo que implicar\u00e1 mayor austeridad. &#8220;Somos m\u00e1s que franciscanos ac\u00e1, porque se deben reducir los gastos&#8221;, afirm\u00f3. Tambi\u00e9n mencion\u00f3 que pidi\u00f3 al secretario de Hacienda, \u00c9dgar Amador, visitar los mercados para constatar personalmente el incremento en algunos precios.<\/p>\n","protected":false},"excerpt":{"rendered":"<p>La presidenta Claudia Sheinbaum alert\u00f3 durante su conferencia de prensa ma\u00f1anera que nadie debe aprovecharse de la crisis inflacionaria para elevar los precios de productos&hellip;<\/p>\n","protected":false},"author":2,"featured_media":1084,"comment_status":"open","ping_status":"open","sticky":false,"template":"","format":"standard","meta":{"footnotes":""},"categories":[251],"tags":[13,323,357,934,743],"class_list":["post-1083","post","type-post","status-publish","format-standard","has-post-thumbnail","hentry","category-la-mananera-en-breve","tag-claudia-sheinbaum","tag-gasolina","tag-inflacion","tag-pacic","tag-precios"],"_links":{"self":[{"href":"https:\/\/eldiariorepublicamx.com\/index.php?rest_route=\/wp\/v2\/posts\/1083","targetHints":{"allow":["GET"]}}],"collection":[{"href":"https:\/\/eldiariorepublicamx.com\/index.php?rest_route=\/wp\/v2\/posts"}],"about":[{"href":"https:\/\/eldiariorepublicamx.com\/index.php?rest_route=\/wp\/v2\/types\/post"}],"author":[{"embeddable":true,"href":"https:\/\/eldiariorepublicamx.com\/index.php?rest_route=\/wp\/v2\/users\/2"}],"replies":[{"embeddable":true,"href":"https:\/\/eldiariorepublicamx.com\/index.php?rest_route=%2Fwp%2Fv2%2Fcomments&post=1083"}],"version-history":[{"count":0,"href":"https:\/\/eldiariorepublicamx.com\/index.php?rest_route=\/wp\/v2\/posts\/1083\/revisions"}],"wp:featuredmedia":[{"embeddable":true,"href":"https:\/\/eldiariorepublicamx.com\/index.php?rest_route=\/wp\/v2\/media\/1084"}],"wp:attachment":[{"href":"https:\/\/eldiariorepublicamx.com\/index.php?rest_route=%2Fwp%2Fv2%2Fmedia&parent=1083"}],"wp:term":[{"taxonomy":"category","embeddable":true,"href":"https:\/\/eldiariorepublicamx.com\/index.php?rest_route=%2Fwp%2Fv2%2Fcategories&post=1083"},{"taxonomy":"post_tag","embeddable":true,"href":"https:\/\/eldiariorepublicamx.com\/index.php?rest_route=%2Fwp%2Fv2%2Ftags&post=1083"}],"curies":[{"name":"wp","href":"https:\/\/api.w.org\/{rel}","templated":true}]}}