{"id":1081,"date":"2026-04-14T10:27:58","date_gmt":"2026-04-14T16:27:58","guid":{"rendered":"https:\/\/eldiariorepublicamx.com\/?p=1081"},"modified":"2026-04-14T10:27:58","modified_gmt":"2026-04-14T16:27:58","slug":"presidenta-sheinbaum-mantiene-dialogo-diario-con-la-sociedad-mediante-su-conferencia-matutina","status":"publish","type":"post","link":"https:\/\/eldiariorepublicamx.com\/?p=1081","title":{"rendered":"Presidenta Sheinbaum mantiene di\u00e1logo diario con la sociedad mediante su conferencia matutina"},"content":{"rendered":"<p>La mandataria federal Claudia Sheinbaum encabeza cada jornada laboral, de lunes a viernes, la Conferencia del Pueblo, un espacio p\u00fablico donde, junto a su equipo de gobierno, ofrece detalles sobre los asuntos de mayor relevancia para el pa\u00eds. Este martes 14 de abril se anticipa que tocar\u00e1 puntos clave como el procedimiento para renovar a los consejeros del Instituto Nacional Electoral, las muertes de mexicanos atribuidas al Servicio de Control de Inmigraci\u00f3n y Aduanas de Estados Unidos y la situaci\u00f3n b\u00e9lica en Medio Oriente.<\/p>\n<h3>Interacci\u00f3n con medios de comunicaci\u00f3n<\/h3>\n<p>Tras exponer los logros de su administraci\u00f3n, la presidenta se somete a un intercambio de preguntas y respuestas con representantes de la prensa, atendiendo inquietudes sobre temas tanto internos como de alcance global.<\/p>\n","protected":false},"excerpt":{"rendered":"<p>La mandataria federal Claudia Sheinbaum encabeza cada jornada laboral, de lunes a viernes, la Conferencia del Pueblo, un espacio p\u00fablico donde, junto a su equipo&hellip;<\/p>\n","protected":false},"author":2,"featured_media":1082,"comment_status":"open","ping_status":"open","sticky":false,"template":"","format":"standard","meta":{"footnotes":""},"categories":[252],"tags":[933,155,448,404,288],"class_list":["post-1081","post","type-post","status-publish","format-standard","has-post-thumbnail","hentry","category-agenda-nacional","tag-conferencia-del-pueblo","tag-ice","tag-ine","tag-mananera","tag-sheinbaum"],"_links":{"self":[{"href":"https:\/\/eldiariorepublicamx.com\/index.php?rest_route=\/wp\/v2\/posts\/1081","targetHints":{"allow":["GET"]}}],"collection":[{"href":"https:\/\/eldiariorepublicamx.com\/index.php?rest_route=\/wp\/v2\/posts"}],"about":[{"href":"https:\/\/eldiariorepublicamx.com\/index.php?rest_route=\/wp\/v2\/types\/post"}],"author":[{"embeddable":true,"href":"https:\/\/eldiariorepublicamx.com\/index.php?rest_route=\/wp\/v2\/users\/2"}],"replies":[{"embeddable":true,"href":"https:\/\/eldiariorepublicamx.com\/index.php?rest_route=%2Fwp%2Fv2%2Fcomments&post=1081"}],"version-history":[{"count":0,"href":"https:\/\/eldiariorepublicamx.com\/index.php?rest_route=\/wp\/v2\/posts\/1081\/revisions"}],"wp:featuredmedia":[{"embeddable":true,"href":"https:\/\/eldiariorepublicamx.com\/index.php?rest_route=\/wp\/v2\/media\/1082"}],"wp:attachment":[{"href":"https:\/\/eldiariorepublicamx.com\/index.php?rest_route=%2Fwp%2Fv2%2Fmedia&parent=1081"}],"wp:term":[{"taxonomy":"category","embeddable":true,"href":"https:\/\/eldiariorepublicamx.com\/index.php?rest_route=%2Fwp%2Fv2%2Fcategories&post=1081"},{"taxonomy":"post_tag","embeddable":true,"href":"https:\/\/eldiariorepublicamx.com\/index.php?rest_route=%2Fwp%2Fv2%2Ftags&post=1081"}],"curies":[{"name":"wp","href":"https:\/\/api.w.org\/{rel}","templated":true}]}}