{"id":1079,"date":"2026-04-14T10:27:55","date_gmt":"2026-04-14T16:27:55","guid":{"rendered":"https:\/\/eldiariorepublicamx.com\/?p=1079"},"modified":"2026-04-14T10:27:55","modified_gmt":"2026-04-14T16:27:55","slug":"sheinbaum-ordena-visitas-consulares-diarias-tras-fallecimientos-de-mexicanos-bajo-custodia-del-ice","status":"publish","type":"post","link":"https:\/\/eldiariorepublicamx.com\/?p=1079","title":{"rendered":"Sheinbaum ordena visitas consulares diarias tras fallecimientos de mexicanos bajo custodia del ICE"},"content":{"rendered":"<p>La presidenta Claudia Sheinbaum anunci\u00f3 este martes 14 de abril de 2026, durante su conferencia ma\u00f1anera en Palacio Nacional, una instrucci\u00f3n directa a los c\u00f3nsules mexicanos en Estados Unidos para que visiten a diario los centros de detenci\u00f3n del Servicio de Inmigraci\u00f3n y Control de Aduanas (ICE), en respuesta a las muertes de connacionales bajo custodia de esa agencia.<\/p>\n<h3>Acciones inmediatas para protecci\u00f3n de migrantes<\/h3>\n<p>Sheinbaum detall\u00f3 que la acci\u00f3n gubernamental incluy\u00f3 el env\u00edo de una &#8216;carta muy fuerte&#8217; por las muertes ocurridas y un comunicado oficial de la Secretar\u00eda de Relaciones Exteriores dirigido al gobierno estadounidense. La mandataria explic\u00f3 que, mientras antes las visitas consulares se realizaban cada semana, ahora se deber\u00e1n efectuar diariamente para ofrecer atenci\u00f3n prioritaria a los detenidos y prevenir m\u00e1s fallecimientos.<\/p>\n<blockquote><p>&#8216;Primero, se hizo una carta muy fuerte (por las muertes de mexicanos). Ayer hubo un comunicado de la Secretar\u00eda de Relaciones Exteriores al gobierno de Estados Unidos. Di instrucci\u00f3n a todos los c\u00f3nsules donde haya centros de detenci\u00f3n de ICE para que visiten diario los centros de detenci\u00f3n, ellos los visitaban cada semana. Ped\u00ed que se comunique el secretario de Relaciones Exteriores con instituciones correspondientes del Departamento de Estado para que permitan los c\u00f3nsules mexicanos est\u00e9n diario en los centros de detenci\u00f3n y puedan atender nuestro connacionales&#8217;, dijo.<\/p><\/blockquote>\n<h3>Secuestro de alcalde atribuido a grupo criminal<\/h3>\n<p>En otro tema abordado en la conferencia, el secretario de Seguridad, Omar Garc\u00eda Harfuch, inform\u00f3 que el grupo delictivo La Familia Michoacana estar\u00eda detr\u00e1s del rapto del alcalde de Taxco, Juan Andr\u00e9s Vega Carranza, y de su padre, Juan Vega Arredondo. Ambos fueron localizados el d\u00eda anterior tras un amplio operativo conjunto de fuerzas federales y estatales de Guerrero y el Estado de M\u00e9xico.<\/p>\n<p>Garc\u00eda Harfuch precis\u00f3 que, tras ser encontrados en el Estado de M\u00e9xico, el edil y su progenitor quedaron bajo custodia de la Polic\u00eda Estatal y luego fueron trasladados por v\u00eda a\u00e9rea a Iguala, Guerrero, para una evaluaci\u00f3n m\u00e9dica y la toma de sus declaraciones como parte de la investigaci\u00f3n a cargo de la fiscal\u00eda de esa entidad.<\/p>\n<h3>Reporte sobre disminuci\u00f3n de homicidios<\/h3>\n<p>Por su parte, Marcela Figueroa, titular del Secretariado Ejecutivo del Sistema Nacional de Seguridad P\u00fablica, present\u00f3 un informe en el que destac\u00f3 una reducci\u00f3n del 41% en los homicidios dolosos registrados entre septiembre de 2024 y marzo de 2026. La funcionaria se\u00f1al\u00f3 que el promedio diario de estos delitos disminuy\u00f3 de 86.9 a 51.4, y que marzo de este a\u00f1o fue el mes con la cifra m\u00e1s baja en los \u00faltimos once a\u00f1os, desde 2016.<\/p>\n<p>Figueroa agreg\u00f3 que siete entidades concentran el 50.2% del total de los casos de homicidio: Guanajuato, Chihuahua, Baja California, Morelos, Guerrero, Estado de M\u00e9xico y Oaxaca.<\/p>\n","protected":false},"excerpt":{"rendered":"<p>La presidenta Claudia Sheinbaum anunci\u00f3 este martes 14 de abril de 2026, durante su conferencia ma\u00f1anera en Palacio Nacional, una instrucci\u00f3n directa a los c\u00f3nsules&hellip;<\/p>\n","protected":false},"author":2,"featured_media":1080,"comment_status":"open","ping_status":"open","sticky":false,"template":"","format":"standard","meta":{"footnotes":""},"categories":[252],"tags":[929,521,930,932,155,404,931,288],"class_list":["post-1079","post","type-post","status-publish","format-standard","has-post-thumbnail","hentry","category-agenda-nacional","tag-consules","tag-detencion","tag-familia-michoacana","tag-homicidios","tag-ice","tag-mananera","tag-secuestro","tag-sheinbaum"],"_links":{"self":[{"href":"https:\/\/eldiariorepublicamx.com\/index.php?rest_route=\/wp\/v2\/posts\/1079","targetHints":{"allow":["GET"]}}],"collection":[{"href":"https:\/\/eldiariorepublicamx.com\/index.php?rest_route=\/wp\/v2\/posts"}],"about":[{"href":"https:\/\/eldiariorepublicamx.com\/index.php?rest_route=\/wp\/v2\/types\/post"}],"author":[{"embeddable":true,"href":"https:\/\/eldiariorepublicamx.com\/index.php?rest_route=\/wp\/v2\/users\/2"}],"replies":[{"embeddable":true,"href":"https:\/\/eldiariorepublicamx.com\/index.php?rest_route=%2Fwp%2Fv2%2Fcomments&post=1079"}],"version-history":[{"count":0,"href":"https:\/\/eldiariorepublicamx.com\/index.php?rest_route=\/wp\/v2\/posts\/1079\/revisions"}],"wp:featuredmedia":[{"embeddable":true,"href":"https:\/\/eldiariorepublicamx.com\/index.php?rest_route=\/wp\/v2\/media\/1080"}],"wp:attachment":[{"href":"https:\/\/eldiariorepublicamx.com\/index.php?rest_route=%2Fwp%2Fv2%2Fmedia&parent=1079"}],"wp:term":[{"taxonomy":"category","embeddable":true,"href":"https:\/\/eldiariorepublicamx.com\/index.php?rest_route=%2Fwp%2Fv2%2Fcategories&post=1079"},{"taxonomy":"post_tag","embeddable":true,"href":"https:\/\/eldiariorepublicamx.com\/index.php?rest_route=%2Fwp%2Fv2%2Ftags&post=1079"}],"curies":[{"name":"wp","href":"https:\/\/api.w.org\/{rel}","templated":true}]}}