{"id":1077,"date":"2026-04-14T10:27:48","date_gmt":"2026-04-14T16:27:48","guid":{"rendered":"https:\/\/eldiariorepublicamx.com\/?p=1077"},"modified":"2026-04-14T10:27:48","modified_gmt":"2026-04-14T16:27:48","slug":"presidenta-sheinbaum-ordena-a-funcionarios-con-aspiraciones-para-2027-dejar-sus-puestos-publicos","status":"publish","type":"post","link":"https:\/\/eldiariorepublicamx.com\/?p=1077","title":{"rendered":"Presidenta Sheinbaum ordena a funcionarios con aspiraciones para 2027 dejar sus puestos p\u00fablicos"},"content":{"rendered":"<p>La presidenta Claudia Sheinbaum estableci\u00f3 una nueva regla para los servidores p\u00fablicos con ambiciones pol\u00edticas de cara a las elecciones del pr\u00f3ximo a\u00f1o. Durante su conferencia ma\u00f1anera en Palacio Nacional, la mandataria exigi\u00f3 que cualquier funcionario de los tres niveles de gobierno que aspire a contender en los comicios de 2027 debe renunciar previamente a su cargo.<\/p>\n<h3>Fin de la doble funci\u00f3n<\/h3>\n<p>Sheinbaum fue clara al se\u00f1alar la incompatibilidad entre el servicio p\u00fablico y las actividades electorales. &#8220;No se puede ser servidor p\u00fablico y al mismo tiempo candidato, precandidato o querer ser coordinador de la transformaci\u00f3n en un estado, en un municipio o en una diputaci\u00f3n&#8221;, afirm\u00f3 la jefa del Ejecutivo federal.<\/p>\n<p>La presidenta explic\u00f3 que la renuncia debe gestionarse con suficiente anticipaci\u00f3n para evitar la superposici\u00f3n de funciones. &#8220;Pues con tiempo, \u00bfverdad? O sea, la idea es que no puedan hacer las dos cosas al mismo tiempo&#8221;, indic\u00f3, a\u00f1adiendo que quienes elijan la v\u00eda electoral deber\u00e1n dedicarse completamente: &#8220;Tienen que dejar el gobierno y en todo caso pues dedicarse a trabajar por el partido al que pertenezca&#8221;.<\/p>\n<blockquote><p>&#8220;Ya se los dije a todos los servidores p\u00fablicos, quien quiera, quien trabaje en el gobierno de M\u00e9xico y cualquier gobierno y quiera participar como candidato debe dejar el gobierno&#8221;<\/p><\/blockquote>\n<h3>Alcance de la disposici\u00f3n<\/h3>\n<p>Aunque el anuncio provino del gobierno federal, la directriz se extiende tambi\u00e9n a las administraciones estatales y municipales. Esta postura anticipa movimientos al interior de Morena, donde ya empiezan a visualizarse posibles aspirantes para las elecciones dentro de tres a\u00f1os.<\/p>\n<p>La medida establece un criterio \u00e9tico de amplio alcance que podr\u00eda forzar a diversos funcionarios a definir su futuro pol\u00edtico con mayor prontitud de lo planeado.<\/p>\n<h3>Panorama electoral de 2027<\/h3>\n<p>El pr\u00f3ximo proceso electoral, que seg\u00fan el calendario del Instituto Nacional Electoral se realizar\u00e1 el domingo 6 de junio de 2027, ser\u00e1 de gran magnitud. En esa fecha se renovar\u00e1n los 500 esca\u00f1os de la C\u00e1mara de Diputados, se elegir\u00e1n 17 gubernaturas y m\u00e1s de dos mil presidencias municipales, adem\u00e1s de jueces y magistrados del Poder Judicial.<\/p>\n","protected":false},"excerpt":{"rendered":"<p>La presidenta Claudia Sheinbaum estableci\u00f3 una nueva regla para los servidores p\u00fablicos con ambiciones pol\u00edticas de cara a las elecciones del pr\u00f3ximo a\u00f1o. Durante su&hellip;<\/p>\n","protected":false},"author":2,"featured_media":1078,"comment_status":"open","ping_status":"open","sticky":false,"template":"","format":"standard","meta":{"footnotes":""},"categories":[252],"tags":[928,131,927,18,578,288],"class_list":["post-1077","post","type-post","status-publish","format-standard","has-post-thumbnail","hentry","category-agenda-nacional","tag-candidatos","tag-elecciones-2027","tag-funcionarios","tag-morena","tag-renuncia","tag-sheinbaum"],"_links":{"self":[{"href":"https:\/\/eldiariorepublicamx.com\/index.php?rest_route=\/wp\/v2\/posts\/1077","targetHints":{"allow":["GET"]}}],"collection":[{"href":"https:\/\/eldiariorepublicamx.com\/index.php?rest_route=\/wp\/v2\/posts"}],"about":[{"href":"https:\/\/eldiariorepublicamx.com\/index.php?rest_route=\/wp\/v2\/types\/post"}],"author":[{"embeddable":true,"href":"https:\/\/eldiariorepublicamx.com\/index.php?rest_route=\/wp\/v2\/users\/2"}],"replies":[{"embeddable":true,"href":"https:\/\/eldiariorepublicamx.com\/index.php?rest_route=%2Fwp%2Fv2%2Fcomments&post=1077"}],"version-history":[{"count":0,"href":"https:\/\/eldiariorepublicamx.com\/index.php?rest_route=\/wp\/v2\/posts\/1077\/revisions"}],"wp:featuredmedia":[{"embeddable":true,"href":"https:\/\/eldiariorepublicamx.com\/index.php?rest_route=\/wp\/v2\/media\/1078"}],"wp:attachment":[{"href":"https:\/\/eldiariorepublicamx.com\/index.php?rest_route=%2Fwp%2Fv2%2Fmedia&parent=1077"}],"wp:term":[{"taxonomy":"category","embeddable":true,"href":"https:\/\/eldiariorepublicamx.com\/index.php?rest_route=%2Fwp%2Fv2%2Fcategories&post=1077"},{"taxonomy":"post_tag","embeddable":true,"href":"https:\/\/eldiariorepublicamx.com\/index.php?rest_route=%2Fwp%2Fv2%2Ftags&post=1077"}],"curies":[{"name":"wp","href":"https:\/\/api.w.org\/{rel}","templated":true}]}}