{"id":1075,"date":"2026-04-14T10:27:46","date_gmt":"2026-04-14T16:27:46","guid":{"rendered":"https:\/\/eldiariorepublicamx.com\/?p=1075"},"modified":"2026-04-14T10:27:46","modified_gmt":"2026-04-14T16:27:46","slug":"se-destinara-mas-de-un-billon-de-pesos-a-becas-estudiantiles-durante-la-administracion-de-sheinbaum","status":"publish","type":"post","link":"https:\/\/eldiariorepublicamx.com\/?p=1075","title":{"rendered":"Se destinar\u00e1 m\u00e1s de un bill\u00f3n de pesos a becas estudiantiles durante la administraci\u00f3n de Sheinbaum"},"content":{"rendered":"<p>La presidenta Claudia Sheinbaum inform\u00f3 que su gobierno invertir\u00e1 un bill\u00f3n 136 mil millones de pesos en becas y apoyos a estudiantes de todos los niveles educativos durante su sexenio, anuncio que realiz\u00f3 durante la conferencia de prensa matutina.<\/p>\n<h3>Detalle de la inversi\u00f3n educativa<\/h3>\n<p>La mandataria federal precis\u00f3 que esta cifra hist\u00f3rica incluye tanto a los estudiantes que ya recib\u00edan becas desde la administraci\u00f3n anterior, como a los que se han incorporado durante su gobierno y los nuevos beneficiarios que se proyectan en los pr\u00f3ximos a\u00f1os.<\/p>\n<p>El secretario de Educaci\u00f3n, Mario Delgado, present\u00f3 las cifras y se\u00f1al\u00f3 que este monto supera las inversiones de todos los gobiernos previos, triplicando incluso lo destinado a estos programas durante el gobierno del expresidente Andr\u00e9s Manuel L\u00f3pez Obrador.<\/p>\n<h3>Impacto y alcance de los programas<\/h3>\n<p>Sheinbaum enfatiz\u00f3 que estos apoyos para \u00fatiles escolares o uniformes han contribuido a reducir la deserci\u00f3n escolar y representan una de las estrategias para atacar las causas de fondo de la inseguridad en el pa\u00eds.<\/p>\n<p>&#8220;Es una inversi\u00f3n hist\u00f3rica la que estamos haciendo en educaci\u00f3n p\u00fablica, porque darle una beca a un ni\u00f1o o a una ni\u00f1a es una inversi\u00f3n, no es un gasto, es una inversi\u00f3n&#8221;, afirm\u00f3 la presidenta.<\/p>\n<p>Adem\u00e1s de las becas, la iniciativa contempla un aumento en la infraestructura educativa, un incremento en el n\u00famero de preparatorias, mejores salarios para los docentes y la contrataci\u00f3n de m\u00e1s maestros para los niveles medio superior y superior.<\/p>\n<h3>Cifras de beneficiarios<\/h3>\n<p>Se estima que, a lo largo del sexenio, sumando a los ni\u00f1os, adolescentes y j\u00f3venes beneficiarios existentes, los inscritos recientemente y los que se agregar\u00e1n en los pr\u00f3ximos a\u00f1os, se alcanzar\u00e1 un total de 129.5 millones de becas otorgadas a estudiantes de educaci\u00f3n b\u00e1sica y de escasos recursos.<\/p>\n<p>Actualmente, el gobierno federal entrega varios tipos de apoyos: la Beca Rita Cetina de Apoyo para Uniformes y \u00datiles de Educaci\u00f3n Primaria llega a 7.2 millones de estudiantes; la Beca Universal Rita Cetina para Educaci\u00f3n B\u00e1sica beneficia a 8.2 millones; la Beca Universal Benito Ju\u00e1rez de Educaci\u00f3n Media Superior apoya a 4.1 millones de alumnos; la Beca de Educaci\u00f3n Superior J\u00f3venes Escribiendo el Futuro alcanza a 423 mil j\u00f3venes; y la Beca de Apoyo para Transporte Gertrudis Bocanegra se otorga a 55 mil 924 personas.<\/p>\n","protected":false},"excerpt":{"rendered":"<p>La presidenta Claudia Sheinbaum inform\u00f3 que su gobierno invertir\u00e1 un bill\u00f3n 136 mil millones de pesos en becas y apoyos a estudiantes de todos los&hellip;<\/p>\n","protected":false},"author":2,"featured_media":1076,"comment_status":"open","ping_status":"open","sticky":false,"template":"","format":"standard","meta":{"footnotes":""},"categories":[52,290],"tags":[74,309,70,516,288],"class_list":["post-1075","post","type-post","status-publish","format-standard","has-post-thumbnail","hentry","category-economia","category-sociedad-y-cultura","tag-becas","tag-educacion","tag-estudiantes","tag-inversion","tag-sheinbaum"],"_links":{"self":[{"href":"https:\/\/eldiariorepublicamx.com\/index.php?rest_route=\/wp\/v2\/posts\/1075","targetHints":{"allow":["GET"]}}],"collection":[{"href":"https:\/\/eldiariorepublicamx.com\/index.php?rest_route=\/wp\/v2\/posts"}],"about":[{"href":"https:\/\/eldiariorepublicamx.com\/index.php?rest_route=\/wp\/v2\/types\/post"}],"author":[{"embeddable":true,"href":"https:\/\/eldiariorepublicamx.com\/index.php?rest_route=\/wp\/v2\/users\/2"}],"replies":[{"embeddable":true,"href":"https:\/\/eldiariorepublicamx.com\/index.php?rest_route=%2Fwp%2Fv2%2Fcomments&post=1075"}],"version-history":[{"count":0,"href":"https:\/\/eldiariorepublicamx.com\/index.php?rest_route=\/wp\/v2\/posts\/1075\/revisions"}],"wp:featuredmedia":[{"embeddable":true,"href":"https:\/\/eldiariorepublicamx.com\/index.php?rest_route=\/wp\/v2\/media\/1076"}],"wp:attachment":[{"href":"https:\/\/eldiariorepublicamx.com\/index.php?rest_route=%2Fwp%2Fv2%2Fmedia&parent=1075"}],"wp:term":[{"taxonomy":"category","embeddable":true,"href":"https:\/\/eldiariorepublicamx.com\/index.php?rest_route=%2Fwp%2Fv2%2Fcategories&post=1075"},{"taxonomy":"post_tag","embeddable":true,"href":"https:\/\/eldiariorepublicamx.com\/index.php?rest_route=%2Fwp%2Fv2%2Ftags&post=1075"}],"curies":[{"name":"wp","href":"https:\/\/api.w.org\/{rel}","templated":true}]}}