{"id":1073,"date":"2026-04-14T10:27:45","date_gmt":"2026-04-14T16:27:45","guid":{"rendered":"https:\/\/eldiariorepublicamx.com\/?p=1073"},"modified":"2026-04-14T10:27:45","modified_gmt":"2026-04-14T16:27:45","slug":"mas-de-5-9-millones-de-atenciones-se-han-entregado-en-la-estrategia-federal-contra-la-violencia","status":"publish","type":"post","link":"https:\/\/eldiariorepublicamx.com\/?p=1073","title":{"rendered":"M\u00e1s de 5.9 millones de atenciones se han entregado en la estrategia federal contra la violencia"},"content":{"rendered":"<p>La Secretar\u00eda de Gobernaci\u00f3n, a cargo de Rosa Icela Rodr\u00edguez Vel\u00e1zquez, report\u00f3 que la pol\u00edtica p\u00fablica de &#8216;Atenci\u00f3n a las causas de la violencia&#8217; ha otorgado m\u00e1s de 5.9 millones de apoyos en 61 municipios de 22 estados del pa\u00eds, beneficiando a m\u00e1s de 3.5 millones de personas.<\/p>\n<h3>Estrategia comunitaria en expansi\u00f3n<\/h3>\n<p>La funcionaria federal present\u00f3 estos avances durante la conferencia matutina en Palacio Nacional, detallando que la estrategia, tambi\u00e9n conocida como &#8216;territorios de paz&#8217;, se enfoca en acciones sociales, educativas y comunitarias para generar bienestar y fortalecer el tejido social.<\/p>\n<p>El trabajo directo en las localidades ha incluido m\u00e1s de 342 mil visitas domiciliarias por parte de brigadas que identifican necesidades y canalizan apoyos, as\u00ed como la realizaci\u00f3n de m\u00e1s de 540 ferias de paz para acercar servicios a la poblaci\u00f3n.<\/p>\n<h3>Distribuci\u00f3n de los apoyos y recuperaci\u00f3n de espacios<\/h3>\n<p>Del total de atenciones reportadas, el 33 por ciento corresponde a servicios de salud como consultas, vacunaci\u00f3n y entrega de medicamentos. Un 27 por ciento est\u00e1 vinculado a programas para j\u00f3venes, incluida su incorporaci\u00f3n a la educaci\u00f3n y becas, mientras que el 25 por ciento se enfoca en actividades comunitarias y el 15% restante a programas sociales.<\/p>\n<p>Como parte integral del plan, se han rehabilitado 392 espacios p\u00fablicos en distintas regiones, en coordinaci\u00f3n con comunidades y dependencias federales. Ejemplos citados incluyen la habilitaci\u00f3n de parques y centros comunitarios en Ciudad Ju\u00e1rez y la mejora de infraestructura urbana en Celaya.<\/p>\n<h3>Enfoque en la juventud y la participaci\u00f3n<\/h3>\n<p>El informe subraya que la poblaci\u00f3n joven es uno de los principales focos de atenci\u00f3n. Programas como &#8216;J\u00f3venes unen al Barrio&#8217; y torneos deportivos han involucrado a m\u00e1s de 159 mil participantes en todo el territorio nacional.<\/p>\n<p>Adem\u00e1s, se han llevado a cabo m\u00e1s de 9 mil jornadas por la paz, con la participaci\u00f3n de m\u00e1s de 2.6 millones de personas en actividades culturales, deportivas y educativas. En 14 entidades se han instalado 400 consejos de paz y justicia c\u00edvica para atender problem\u00e1ticas como violencia familiar, consumo de sustancias y deserci\u00f3n escolar.<\/p>\n<h3>Coordinaci\u00f3n interinstitucional<\/h3>\n<p>Otra arista de la estrategia es el &#8216;Tianguis del Bienestar&#8217;, mediante el cual se han distribuido m\u00e1s de 2.1 millones de art\u00edculos de primera necesidad en comunidades vulnerables de tres estados.<\/p>\n<p>El Gobierno federal sostiene que estas acciones se realizan con la participaci\u00f3n de diversas dependencias federales, fuerzas armadas y autoridades locales, en un esquema de coordinaci\u00f3n interinstitucional que busca atender las causas estructurales de la violencia mediante la prevenci\u00f3n, el desarrollo social y la inclusi\u00f3n.<\/p>\n","protected":false},"excerpt":{"rendered":"<p>La Secretar\u00eda de Gobernaci\u00f3n, a cargo de Rosa Icela Rodr\u00edguez Vel\u00e1zquez, report\u00f3 que la pol\u00edtica p\u00fablica de &#8216;Atenci\u00f3n a las causas de la violencia&#8217; ha&hellip;<\/p>\n","protected":false},"author":2,"featured_media":1074,"comment_status":"open","ping_status":"open","sticky":false,"template":"","format":"standard","meta":{"footnotes":""},"categories":[252,290],"tags":[450,96,42,926,925],"class_list":["post-1073","post","type-post","status-publish","format-standard","has-post-thumbnail","hentry","category-agenda-nacional","category-sociedad-y-cultura","tag-apoyos-sociales","tag-gobierno-federal","tag-seguridad","tag-territorios-de-paz","tag-violencia"],"_links":{"self":[{"href":"https:\/\/eldiariorepublicamx.com\/index.php?rest_route=\/wp\/v2\/posts\/1073","targetHints":{"allow":["GET"]}}],"collection":[{"href":"https:\/\/eldiariorepublicamx.com\/index.php?rest_route=\/wp\/v2\/posts"}],"about":[{"href":"https:\/\/eldiariorepublicamx.com\/index.php?rest_route=\/wp\/v2\/types\/post"}],"author":[{"embeddable":true,"href":"https:\/\/eldiariorepublicamx.com\/index.php?rest_route=\/wp\/v2\/users\/2"}],"replies":[{"embeddable":true,"href":"https:\/\/eldiariorepublicamx.com\/index.php?rest_route=%2Fwp%2Fv2%2Fcomments&post=1073"}],"version-history":[{"count":0,"href":"https:\/\/eldiariorepublicamx.com\/index.php?rest_route=\/wp\/v2\/posts\/1073\/revisions"}],"wp:featuredmedia":[{"embeddable":true,"href":"https:\/\/eldiariorepublicamx.com\/index.php?rest_route=\/wp\/v2\/media\/1074"}],"wp:attachment":[{"href":"https:\/\/eldiariorepublicamx.com\/index.php?rest_route=%2Fwp%2Fv2%2Fmedia&parent=1073"}],"wp:term":[{"taxonomy":"category","embeddable":true,"href":"https:\/\/eldiariorepublicamx.com\/index.php?rest_route=%2Fwp%2Fv2%2Fcategories&post=1073"},{"taxonomy":"post_tag","embeddable":true,"href":"https:\/\/eldiariorepublicamx.com\/index.php?rest_route=%2Fwp%2Fv2%2Ftags&post=1073"}],"curies":[{"name":"wp","href":"https:\/\/api.w.org\/{rel}","templated":true}]}}